{"id":8794,"date":"2022-09-15T15:55:01","date_gmt":"2022-09-15T20:55:01","guid":{"rendered":"https:\/\/xn--huracnpolmicocancnquintanaroo-knc6wmu.com\/?p=8794"},"modified":"2022-09-15T20:55:11","modified_gmt":"2022-09-15T20:55:11","slug":"la-seleccion-nacional-de-mexico-y-grupo-modelo-renovaron-patrocinio","status":"publish","type":"post","link":"https:\/\/xn--huracnpolmicocancnquintanaroo-knc6wmu.com\/?p=8794","title":{"rendered":"La Selecci\u00f3n Nacional de M\u00e9xico y Grupo Modelo renovaron patrocinio"},"content":{"rendered":"<header>\n<h4 style=\"text-align: center;\">Como parte de una alianza que ha tra\u00eddo muchos \u00e9xitos, Grupo Modelo y la Selecci\u00f3n Mexicana han extendido su v\u00ednculo. Ser\u00e1 por cuatro a\u00f1os m\u00e1s; adem\u00e1s, ser\u00e1 exclusiva de las Selecciones Varoniles y Femeniles.<\/h4>\n<\/header>\n<div class=\"cnt-data-art\">\n<div class=\"c-i\">\n<div class=\"lead-art\">\n<p>Este d\u00eda, se llev\u00f3 a cabo la renovaci\u00f3n de patrocinio entre la Selecci\u00f3n Nacional de M\u00e9xico y Grupo Modelo, en las instalaciones del Centro de Alto Rendimiento (CAR) de la Federaci\u00f3n Mexicana de F\u00fatbol.<\/p>\n<p>El evento cont\u00f3 con la presencia de Beatriz Ramos directora de Comunicaci\u00f3n; Jos\u00e9 Romano Fern\u00e1ndez del Valle, director general de Ventas de la FMF; Alejandro Gershberg, director de Marketing y Consumer Connections de Grupo Modelo y Mois\u00e9s Mu\u00f1oz y Luis Hern\u00e1ndez, leyendas del f\u00fatbol mexicano.<\/p>\n<p>\u201cEn grupo modelo celebramos el poder compartir esta noticia con ustedes que es la renovaci\u00f3n del contrato con la Selecci\u00f3n Nacional de M\u00e9xico por los siguientes cuatro a\u00f1os a trav\u00e9s de nuestra marca ic\u00f3nica Corona\u201d dijo Gershberg.<\/p>\n<p>Beatriz Ramos expres\u00f3 que esta renovaci\u00f3n de esta alianza con Grupo Modelo es un motivo de celebraci\u00f3n y orgullo para la Selecci\u00f3n.<\/p>\n<p>\u201cSomos testigos m\u00e1s que nadie del esfuerzo constante de Grupo Modelo por generar estas experiencias memorables para nuestra afici\u00f3n y cada uno de nuestros seguidores en Selecci\u00f3n Nacional de M\u00e9xico\u201d.<\/p>\n<h2>Mois\u00e9s Mu\u00f1oz, leyenda del f\u00fatbol mexicano mencion\u00f3:<\/h2>\n<p>\u201cQuiero felicitar a la Federaci\u00f3n Mexicana de F\u00fatbol y a Grupo Modelo la renovaci\u00f3n de esta alianza de tantos a\u00f1os, en la que juntos hemos celebrado tantos momentos inolvidables, ojal\u00e1 que esta alianza perdure por muchos a\u00f1os m\u00e1s y que sigan los \u00e9xitos\u201d.<\/p>\n<h2>En tanto, el ex delantero de la SNM, Luis Hern\u00e1ndez se\u00f1al\u00f3:<\/h2>\n<p>\u201cLos que estamos aqu\u00ed, al igual que nuestra afici\u00f3n mexicana, celebramos esta renovaci\u00f3n con Grupo Modelo y de igual manera, disfrutamos siempre todos los triunfos y buenos momentos de nuestra Selecci\u00f3n al ado de Corona; para m\u00ed es un orgullo como ex jugador de la Selecci\u00f3n Nacional de M\u00e9xico el poder estar en esta celebraci\u00f3n, muchas felicidades\u201d.<\/p>\n<p>Por su parte, Jos\u00e9 Romano expres\u00f3 que esta uni\u00f3n con Grupo Modelo permite a la Selecci\u00f3n Nacional de M\u00e9xico seguir trabajando para que la afici\u00f3n tenga las mejores experiencias.<\/p>\n<p>\u201cMuy orgullosos y contentos de poderles decir que renovamos hasta el 2026, para nosotros es un honor tener una de las marcas m\u00e1s importantes del pa\u00eds y del mundo como socios nuestros tanto en las Selecciones menores, femenil y varonil\u201d.<\/p>\n<\/div>\n<\/div>\n<\/div>\n","protected":false},"excerpt":{"rendered":"<p>Como parte de una alianza que ha tra\u00eddo muchos \u00e9xitos, Grupo Modelo y la Selecci\u00f3n&#8230;<\/p>\n","protected":false},"author":1,"featured_media":8796,"comment_status":"open","ping_status":"closed","sticky":false,"template":"","format":"standard","meta":{"footnotes":""},"categories":[12,15],"tags":[],"class_list":["post-8794","post","type-post","status-publish","format-standard","has-post-thumbnail","hentry","category-nacional","category-politica"],"_links":{"self":[{"href":"https:\/\/xn--huracnpolmicocancnquintanaroo-knc6wmu.com\/index.php?rest_route=\/wp\/v2\/posts\/8794","targetHints":{"allow":["GET"]}}],"collection":[{"href":"https:\/\/xn--huracnpolmicocancnquintanaroo-knc6wmu.com\/index.php?rest_route=\/wp\/v2\/posts"}],"about":[{"href":"https:\/\/xn--huracnpolmicocancnquintanaroo-knc6wmu.com\/index.php?rest_route=\/wp\/v2\/types\/post"}],"author":[{"embeddable":true,"href":"https:\/\/xn--huracnpolmicocancnquintanaroo-knc6wmu.com\/index.php?rest_route=\/wp\/v2\/users\/1"}],"replies":[{"embeddable":true,"href":"https:\/\/xn--huracnpolmicocancnquintanaroo-knc6wmu.com\/index.php?rest_route=%2Fwp%2Fv2%2Fcomments&post=8794"}],"version-history":[{"count":1,"href":"https:\/\/xn--huracnpolmicocancnquintanaroo-knc6wmu.com\/index.php?rest_route=\/wp\/v2\/posts\/8794\/revisions"}],"predecessor-version":[{"id":8795,"href":"https:\/\/xn--huracnpolmicocancnquintanaroo-knc6wmu.com\/index.php?rest_route=\/wp\/v2\/posts\/8794\/revisions\/8795"}],"wp:featuredmedia":[{"embeddable":true,"href":"https:\/\/xn--huracnpolmicocancnquintanaroo-knc6wmu.com\/index.php?rest_route=\/wp\/v2\/media\/8796"}],"wp:attachment":[{"href":"https:\/\/xn--huracnpolmicocancnquintanaroo-knc6wmu.com\/index.php?rest_route=%2Fwp%2Fv2%2Fmedia&parent=8794"}],"wp:term":[{"taxonomy":"category","embeddable":true,"href":"https:\/\/xn--huracnpolmicocancnquintanaroo-knc6wmu.com\/index.php?rest_route=%2Fwp%2Fv2%2Fcategories&post=8794"},{"taxonomy":"post_tag","embeddable":true,"href":"https:\/\/xn--huracnpolmicocancnquintanaroo-knc6wmu.com\/index.php?rest_route=%2Fwp%2Fv2%2Ftags&post=8794"}],"curies":[{"name":"wp","href":"https:\/\/api.w.org\/{rel}","templated":true}]}}