{"id":8839,"date":"2022-09-17T16:45:24","date_gmt":"2022-09-17T21:45:24","guid":{"rendered":"https:\/\/xn--huracnpolmicocancnquintanaroo-knc6wmu.com\/?p=8839"},"modified":"2022-09-17T21:45:26","modified_gmt":"2022-09-17T21:45:26","slug":"aumenta-en-12-7-ocupacion-hotelera-en-cancun-con-respecto-a-2021","status":"publish","type":"post","link":"https:\/\/xn--huracnpolmicocancnquintanaroo-knc6wmu.com\/?p=8839","title":{"rendered":"Aumenta en 12.7% ocupaci\u00f3n hotelera en Canc\u00fan con respecto a 2021"},"content":{"rendered":"<p>El secretario de Turismo federal, Miguel Torruco Marqu\u00e9s, inform\u00f3 que la ocupaci\u00f3n hotelera en Canc\u00fan, del 5 al 11 de septiembre de 2022, represent\u00f3 un aumento de 12.7 por ciento en comparaci\u00f3n con el mismo periodo en 2021.<\/p>\n<p>La ocupaci\u00f3n hotelera lleg\u00f3 a 66.4 por ciento, con lo que super\u00f3 en 14 por ciento a la media nacional, que fue de 52.4 por ciento.<\/p>\n<p>De esta manera, Canc\u00fan ocup\u00f3 el primer lugar nacional con mayor n\u00famero de habitaciones ocupadas por viajeros nacionales e internacionales.<\/p>\n<p>El funcionario federal detall\u00f3 que durante la semana 36, luego de Canc\u00fan los siguientes destinos con mayor ocupaci\u00f3n hotelera fueron Puerto Vallarta con 60.3 por ciento y Los Cabos con 55.7por ciento.<\/p>\n","protected":false},"excerpt":{"rendered":"<p>El secretario de Turismo federal, Miguel Torruco Marqu\u00e9s, inform\u00f3 que la ocupaci\u00f3n hotelera en Canc\u00fan,&#8230;<\/p>\n","protected":false},"author":1,"featured_media":8841,"comment_status":"open","ping_status":"closed","sticky":false,"template":"","format":"standard","meta":{"footnotes":""},"categories":[2,37],"tags":[],"class_list":["post-8839","post","type-post","status-publish","format-standard","has-post-thumbnail","hentry","category-local","category-quintana-roo"],"_links":{"self":[{"href":"https:\/\/xn--huracnpolmicocancnquintanaroo-knc6wmu.com\/index.php?rest_route=\/wp\/v2\/posts\/8839","targetHints":{"allow":["GET"]}}],"collection":[{"href":"https:\/\/xn--huracnpolmicocancnquintanaroo-knc6wmu.com\/index.php?rest_route=\/wp\/v2\/posts"}],"about":[{"href":"https:\/\/xn--huracnpolmicocancnquintanaroo-knc6wmu.com\/index.php?rest_route=\/wp\/v2\/types\/post"}],"author":[{"embeddable":true,"href":"https:\/\/xn--huracnpolmicocancnquintanaroo-knc6wmu.com\/index.php?rest_route=\/wp\/v2\/users\/1"}],"replies":[{"embeddable":true,"href":"https:\/\/xn--huracnpolmicocancnquintanaroo-knc6wmu.com\/index.php?rest_route=%2Fwp%2Fv2%2Fcomments&post=8839"}],"version-history":[{"count":1,"href":"https:\/\/xn--huracnpolmicocancnquintanaroo-knc6wmu.com\/index.php?rest_route=\/wp\/v2\/posts\/8839\/revisions"}],"predecessor-version":[{"id":8840,"href":"https:\/\/xn--huracnpolmicocancnquintanaroo-knc6wmu.com\/index.php?rest_route=\/wp\/v2\/posts\/8839\/revisions\/8840"}],"wp:featuredmedia":[{"embeddable":true,"href":"https:\/\/xn--huracnpolmicocancnquintanaroo-knc6wmu.com\/index.php?rest_route=\/wp\/v2\/media\/8841"}],"wp:attachment":[{"href":"https:\/\/xn--huracnpolmicocancnquintanaroo-knc6wmu.com\/index.php?rest_route=%2Fwp%2Fv2%2Fmedia&parent=8839"}],"wp:term":[{"taxonomy":"category","embeddable":true,"href":"https:\/\/xn--huracnpolmicocancnquintanaroo-knc6wmu.com\/index.php?rest_route=%2Fwp%2Fv2%2Fcategories&post=8839"},{"taxonomy":"post_tag","embeddable":true,"href":"https:\/\/xn--huracnpolmicocancnquintanaroo-knc6wmu.com\/index.php?rest_route=%2Fwp%2Fv2%2Ftags&post=8839"}],"curies":[{"name":"wp","href":"https:\/\/api.w.org\/{rel}","templated":true}]}}