{"id":8866,"date":"2022-09-18T18:16:52","date_gmt":"2022-09-18T23:16:52","guid":{"rendered":"https:\/\/xn--huracnpolmicocancnquintanaroo-knc6wmu.com\/?p=8866"},"modified":"2022-09-19T23:17:56","modified_gmt":"2022-09-19T23:17:56","slug":"cancun-abelardo-vara-destaca-el-repunte-hotelero-con-mejor-tarifa","status":"publish","type":"post","link":"https:\/\/xn--huracnpolmicocancnquintanaroo-knc6wmu.com\/?p=8866","title":{"rendered":"Canc\u00fan: Abelardo Vara destaca el repunte hotelero con mejor tarifa"},"content":{"rendered":"<p>De acuerdo con Abelardo Vara, empresario y ex presidente de la Asociaci\u00f3n de hoteles de Canc\u00fan, la ocupaci\u00f3n hotelera y el repunte de las tarifas en Quintana Roo est\u00e1 mejor que antes de la pandemia, pese a la crisis que esta gener\u00f3.<\/p>\n<p>\u201cTuvimos dos a\u00f1os dif\u00edciles ciertamente, pero este \u00faltimo ha sido extraordinario en las ocupaciones; han sido mejor que nunca y las tarifas las hemos recuperado mucho. Despu\u00e9s de dos a\u00f1os muy malos, este a\u00f1o tenemos como un 20% o un poquito de cuartos rentados respecto a 2019 y vamos a conseguir unas ocupaciones iguales a ese calendario y una tarifa mucho mejor\u201d, asegur\u00f3 Vara, seg\u00fan lo recoge Galu.<\/p>\n<p>As\u00ed mismo, Vara hizo un llamado a Gobierno federal para que invierta en la promoci\u00f3n de los destinos de Quintana Roo, donde se destaque la belleza de las playas, la ubicaci\u00f3n geogr\u00e1fica y la cultura maya.<\/p>\n<p>Tanto hoteleros como empresarios de Quintana Roo pidieron a Mara Lezama, gobernadora electa, continuar con la promoci\u00f3n tur\u00edstica, pues prev\u00e9n que la continuidad de los mercados internacionales se pueda ver afectada por la apertura de otros destinos, que hasta ahora han mantenido restricciones por la pandemia. (Canc\u00fan: hoteles y empresas piden a Lezama m\u00e1s promoci\u00f3n tur\u00edstica).<\/p>\n<p>El presidente de la Asociaci\u00f3n de hoteleros de Canc\u00fan, Jes\u00fas Almaguer manifest\u00f3 a Lezama que, \u201cestamos viviendo con turismo prestado por otros destinos, que no han abierto por situaciones de la pandemia que est\u00e1n siendo m\u00e1s restrictivos en otros pa\u00edses\u201d, se\u00f1al\u00f3 en su momento, as\u00ed lo informa Quintana Roo Hoy.<\/p>\n","protected":false},"excerpt":{"rendered":"<p>De acuerdo con Abelardo Vara, empresario y ex presidente de la Asociaci\u00f3n de hoteles de&#8230;<\/p>\n","protected":false},"author":1,"featured_media":8868,"comment_status":"open","ping_status":"closed","sticky":false,"template":"","format":"standard","meta":{"footnotes":""},"categories":[2,37],"tags":[],"class_list":["post-8866","post","type-post","status-publish","format-standard","has-post-thumbnail","hentry","category-local","category-quintana-roo"],"_links":{"self":[{"href":"https:\/\/xn--huracnpolmicocancnquintanaroo-knc6wmu.com\/index.php?rest_route=\/wp\/v2\/posts\/8866","targetHints":{"allow":["GET"]}}],"collection":[{"href":"https:\/\/xn--huracnpolmicocancnquintanaroo-knc6wmu.com\/index.php?rest_route=\/wp\/v2\/posts"}],"about":[{"href":"https:\/\/xn--huracnpolmicocancnquintanaroo-knc6wmu.com\/index.php?rest_route=\/wp\/v2\/types\/post"}],"author":[{"embeddable":true,"href":"https:\/\/xn--huracnpolmicocancnquintanaroo-knc6wmu.com\/index.php?rest_route=\/wp\/v2\/users\/1"}],"replies":[{"embeddable":true,"href":"https:\/\/xn--huracnpolmicocancnquintanaroo-knc6wmu.com\/index.php?rest_route=%2Fwp%2Fv2%2Fcomments&post=8866"}],"version-history":[{"count":1,"href":"https:\/\/xn--huracnpolmicocancnquintanaroo-knc6wmu.com\/index.php?rest_route=\/wp\/v2\/posts\/8866\/revisions"}],"predecessor-version":[{"id":8867,"href":"https:\/\/xn--huracnpolmicocancnquintanaroo-knc6wmu.com\/index.php?rest_route=\/wp\/v2\/posts\/8866\/revisions\/8867"}],"wp:featuredmedia":[{"embeddable":true,"href":"https:\/\/xn--huracnpolmicocancnquintanaroo-knc6wmu.com\/index.php?rest_route=\/wp\/v2\/media\/8868"}],"wp:attachment":[{"href":"https:\/\/xn--huracnpolmicocancnquintanaroo-knc6wmu.com\/index.php?rest_route=%2Fwp%2Fv2%2Fmedia&parent=8866"}],"wp:term":[{"taxonomy":"category","embeddable":true,"href":"https:\/\/xn--huracnpolmicocancnquintanaroo-knc6wmu.com\/index.php?rest_route=%2Fwp%2Fv2%2Fcategories&post=8866"},{"taxonomy":"post_tag","embeddable":true,"href":"https:\/\/xn--huracnpolmicocancnquintanaroo-knc6wmu.com\/index.php?rest_route=%2Fwp%2Fv2%2Ftags&post=8866"}],"curies":[{"name":"wp","href":"https:\/\/api.w.org\/{rel}","templated":true}]}}