{"id":8878,"date":"2022-09-19T19:45:31","date_gmt":"2022-09-20T00:45:31","guid":{"rendered":"https:\/\/xn--huracnpolmicocancnquintanaroo-knc6wmu.com\/?p=8878"},"modified":"2022-09-20T00:45:32","modified_gmt":"2022-09-20T00:45:32","slug":"claudia-sheinbaum-presumio-el-primer-convoy-nuevo-que-trasladara-a-capitalinos-en-la-linea-1-del-metro","status":"publish","type":"post","link":"https:\/\/xn--huracnpolmicocancnquintanaroo-knc6wmu.com\/?p=8878","title":{"rendered":"Claudia Sheinbaum presumi\u00f3 el primer convoy nuevo que trasladar\u00e1 a capitalinos en la L\u00ednea 1 del Metro"},"content":{"rendered":"<h4 class=\"article-subheadline\" style=\"text-align: center;\">La mandataria capitalina se\u00f1al\u00f3 que en el futuro arribar\u00e1n m\u00e1s convoyes para beneficiar a dicho sistema de transporte<\/h4>\n<div class=\"byline\">\n<div class=\"byline-text-wrapper\">\n<p class=\"paragraph\">La jefa de Gobierno de la Ciudad de M\u00e9xico<b>\u00a0Claudia Sheinbaum\u00a0<\/b>Pardo inform\u00f3 que este domingo arrib\u00f3 a M\u00e9xico el\u00a0<b>primer tren nuevo<\/b>\u00a0del Sistema de Transporte Colectivo (STC)\u00a0<b>Metro,<\/b>\u00a0que ser\u00e1 destinado a la\u00a0<b>L\u00ednea 1.<\/b><\/p>\n<p class=\"paragraph\">A trav\u00e9s de su cuenta de Twitter, la mandataria local comparti\u00f3 la noticia que acompa\u00f1\u00f3 con una fotograf\u00eda de una gr\u00faa levantando el convoy. Se tratar\u00eda del primero de un total de<b>\u00a029 nuevos trenes<\/b>\u00a0que se sumar\u00e1n a la flota.<\/p>\n<p class=\"paragraph\">El nuevo tren tra\u00eddo desde China desembarc\u00f3 esta tarde en el\u00a0<b>puerto de Manzanillo<\/b>, del estado de Colima, y ya se encuentra de camino a la Ciudad de M\u00e9xico, detall\u00f3 Sheinbaum Pardo.<\/p>\n<p class=\"paragraph\">Estos trenes tendr\u00e1n nueva tecnolog\u00eda y<b>\u00a0vagones interconectados<\/b>, lo que permitir\u00e1, por un lado, que haya una modernizaci\u00f3n integral de la L\u00ednea 1 del Metro y, por el otro, que aumente la frecuencia de paso por las estaciones y que haya una<b>\u00a0mayor capacidad de pasajeros.<\/b><\/p>\n<p class=\"paragraph\">De acuerdo con el STC la nueva capacidad ser\u00e1 de 36 convoyes por hora, lo que significa que podr\u00e1n trasladarse\u00a0<b>322 mil pasajeros m\u00e1s al d\u00eda<\/b>. Con la integraci\u00f3n completa tambi\u00e9n se prev\u00e9 que ya\u00a0<b>no haya retrasos<\/b>, se reduzca el tiempo de trayectos y haya un menor costo de mantenimiento.<\/p>\n<p class=\"paragraph\">Cabe se\u00f1alar que los otros 28 trenes se fabricar\u00e1n en un 65% en el pa\u00eds asi\u00e1tico y el 35% en una planta instalada en Quer\u00e9taro, donde se capacit\u00f3 a\u00a0<b>150 t\u00e9cnicos mexicanos.\u00a0<\/b>Lo anterior se estableci\u00f3 de ese modo con el objetivo de garantizar transferencia tecnol\u00f3gica a los trabajadores del Metro, contar con proveedores nacionales y generar empleos en el pa\u00eds.<\/p>\n<p class=\"paragraph\">Los 29 trenes nuevos tendr\u00e1n\u00a0<b>capacidad para 2 mil 200 pasajeros<\/b>, cuentan con una velocidad de operaci\u00f3n m\u00e1xima de 80 kil\u00f3metros por hora, una longitud de 150 metros, nueve carros y mejor ventilaci\u00f3n. Todos tendr\u00e1n un sistema moderno.<\/p>\n<p class=\"paragraph\">Como parte de la\u00a0<b>modernizaci\u00f3n de la Nueva L\u00ednea 1<\/b>, adem\u00e1s de la compra de trenes, se instalar\u00e1n<b>\u00a0nuevas v\u00edas<\/b>, as\u00ed como\u00a0<b>sistemas de transmisi\u00f3n y comunicaci\u00f3n<\/b>. Tambi\u00e9n se encuentra en marcha el\u00a0<b>proyecto Metro-Energ\u00eda\u00a0<\/b>que permitir\u00e1 el cambio en el suministro, transmisi\u00f3n y distribuci\u00f3n de energ\u00eda de las L\u00edneas 1, 2 y 3.<\/p>\n<p class=\"paragraph\">En d\u00edas pasados, la mandataria capitalina se\u00f1al\u00f3 que con el avance realizado hasta el momento se podr\u00eda\u00a0reanudar el servicio\u00a0del trayecto de\u00a0<b>Pantitl\u00e1n a Salto del Agua en febrero de 2023.<\/b><\/p>\n<p class=\"paragraph\">Asimismo, apunt\u00f3 que cada tramo de v\u00eda cuenta con una longitud de 18 metros y 24 durmientes, con un peso total de 300 toneladas. Hasta la fecha se han retirado 54 mil 600 toneladas de balasto e instalado cerca de 2 km de v\u00edas.<\/p>\n<p class=\"paragraph\">En el proyecto\u00a0<b>Metro-Energ\u00eda<\/b>\u00a0est\u00e1n colaborando el Gobierno capitalino y la Comisi\u00f3n Federal de Electricidad (CFE) para modernizar el sistema de suministro de energ\u00eda el\u00e9ctrica para las L\u00edneas 1, 2 y 3.<\/p>\n<p class=\"paragraph\">\u201cEsta colaboraci\u00f3n que significa: transferencia de tecnolog\u00eda y significa dar a la Ciudad un Metro para los siguientes 50 a\u00f1os. As\u00ed que resalto esta colaboraci\u00f3n entre dos empresas p\u00fablicas, una de la Ciudad y otra del Gobierno de M\u00e9xico, que fortalecen la innovaci\u00f3n tecnol\u00f3gica\u201d, dijo Sheinbaum Pardo el pasado agosto.<\/p>\n<p class=\"paragraph\">En este se invierten\u00a0<b>4 mil 500 millones de pesos<\/b>, mientras que el Gobierno capitalino destin\u00f3\u00a0<b>37 mil millones de pesos<\/b>\u00a0en la<b>\u00a0Modernizaci\u00f3n de la Nueva L\u00ednea 1.<\/b><\/p>\n<p class=\"paragraph\">El proyecto Metro-Energ\u00eda, que ya se encuentra en la \u00faltima fase de construcci\u00f3n, se espera que garantice para las pr\u00f3ximas d\u00e9cadas el\u00a0<b>abasto continuo, seguro y eficiente de energ\u00eda el\u00e9ctrica<\/b>\u00a0para las L\u00edneas 1, 2 y 3 del Metro.<\/p>\n<\/div>\n<\/div>\n","protected":false},"excerpt":{"rendered":"<p>La mandataria capitalina se\u00f1al\u00f3 que en el futuro arribar\u00e1n m\u00e1s convoyes para beneficiar a dicho&#8230;<\/p>\n","protected":false},"author":1,"featured_media":8880,"comment_status":"open","ping_status":"closed","sticky":false,"template":"","format":"standard","meta":{"footnotes":""},"categories":[12,15],"tags":[],"class_list":["post-8878","post","type-post","status-publish","format-standard","has-post-thumbnail","hentry","category-nacional","category-politica"],"_links":{"self":[{"href":"https:\/\/xn--huracnpolmicocancnquintanaroo-knc6wmu.com\/index.php?rest_route=\/wp\/v2\/posts\/8878","targetHints":{"allow":["GET"]}}],"collection":[{"href":"https:\/\/xn--huracnpolmicocancnquintanaroo-knc6wmu.com\/index.php?rest_route=\/wp\/v2\/posts"}],"about":[{"href":"https:\/\/xn--huracnpolmicocancnquintanaroo-knc6wmu.com\/index.php?rest_route=\/wp\/v2\/types\/post"}],"author":[{"embeddable":true,"href":"https:\/\/xn--huracnpolmicocancnquintanaroo-knc6wmu.com\/index.php?rest_route=\/wp\/v2\/users\/1"}],"replies":[{"embeddable":true,"href":"https:\/\/xn--huracnpolmicocancnquintanaroo-knc6wmu.com\/index.php?rest_route=%2Fwp%2Fv2%2Fcomments&post=8878"}],"version-history":[{"count":1,"href":"https:\/\/xn--huracnpolmicocancnquintanaroo-knc6wmu.com\/index.php?rest_route=\/wp\/v2\/posts\/8878\/revisions"}],"predecessor-version":[{"id":8879,"href":"https:\/\/xn--huracnpolmicocancnquintanaroo-knc6wmu.com\/index.php?rest_route=\/wp\/v2\/posts\/8878\/revisions\/8879"}],"wp:featuredmedia":[{"embeddable":true,"href":"https:\/\/xn--huracnpolmicocancnquintanaroo-knc6wmu.com\/index.php?rest_route=\/wp\/v2\/media\/8880"}],"wp:attachment":[{"href":"https:\/\/xn--huracnpolmicocancnquintanaroo-knc6wmu.com\/index.php?rest_route=%2Fwp%2Fv2%2Fmedia&parent=8878"}],"wp:term":[{"taxonomy":"category","embeddable":true,"href":"https:\/\/xn--huracnpolmicocancnquintanaroo-knc6wmu.com\/index.php?rest_route=%2Fwp%2Fv2%2Fcategories&post=8878"},{"taxonomy":"post_tag","embeddable":true,"href":"https:\/\/xn--huracnpolmicocancnquintanaroo-knc6wmu.com\/index.php?rest_route=%2Fwp%2Fv2%2Ftags&post=8878"}],"curies":[{"name":"wp","href":"https:\/\/api.w.org\/{rel}","templated":true}]}}