{"id":8914,"date":"2022-09-21T15:53:37","date_gmt":"2022-09-21T20:53:37","guid":{"rendered":"https:\/\/xn--huracnpolmicocancnquintanaroo-knc6wmu.com\/?p=8914"},"modified":"2022-09-21T20:53:39","modified_gmt":"2022-09-21T20:53:39","slug":"gobierno-de-cancun-brinda-mas-atencion-a-personas-con-trastornos-del-espectro-autista","status":"publish","type":"post","link":"https:\/\/xn--huracnpolmicocancnquintanaroo-knc6wmu.com\/?p=8914","title":{"rendered":"Gobierno de Canc\u00fan brinda m\u00e1s atenci\u00f3n a personas con trastornos del espectro autista"},"content":{"rendered":"<h4 class=\"jeg_post_subtitle\" style=\"text-align: center;\">Se promover\u00e1 el acceso a los servicios especializados de diagn\u00f3stico, atenci\u00f3n y tratamiento multidisciplinario para la poblaci\u00f3n con Trastornos del Espectro Autista<\/h4>\n<div class=\"jeg_meta_container\">\n<div class=\"jeg_post_meta jeg_post_meta_1\">\n<p>La encargada de despacho de la\u00a0<strong>Presidencia Municipal<\/strong>,\u00a0<strong>Lourdes Latife Cardona Muza<\/strong>, atestigu\u00f3 la entrega por parte de la presidenta honoraria del\u00a0<strong>DIF Quintana Roo<\/strong>, Gabriela Rej\u00f3n de Joaqu\u00edn, del nuevo\u00a0<strong>Centro Integral de Atenci\u00f3n al Autismo en Canc\u00fan<\/strong>, ubicado en la Supermanzana 94 y el segundo en su tipo en la entidad.<\/p>\n<blockquote><p>\u201cEste sitio favorecer\u00e1 la realizaci\u00f3n de una detecci\u00f3n temprana y oportuna a un mayor n\u00famero de beneficiarios, generando mayores oportunidades de inclusi\u00f3n. Estamos refrendando el compromiso de nuestros gobiernos, estatal y municipal, por la igualdad, oportunidades parejas, el bienestar y la prosperidad\u201d, puntualiz\u00f3.<\/p><\/blockquote>\n<p>La encargada de Despacho resalt\u00f3 que se promover\u00e1 el acceso a los servicios especializados de diagn\u00f3stico, atenci\u00f3n y tratamiento multidisciplinario para la poblaci\u00f3n con\u00a0<strong>Trastornos del Espectro Autista<\/strong>\u00a0(TEA), ya que las pol\u00edticas p\u00fablicas y programas deben favorecer a los sectores m\u00e1s vulnerables de la comunidad.<\/p>\n<p>La\u00a0<strong>Presidenta Honoraria del DIF Quintana Roo<\/strong>\u00a0precis\u00f3 que se dar\u00e1 cobertura a la alta demanda de padres de familia con hijos con esta condici\u00f3n, como complemento a las labores que ya se realizan en el\u00a0<strong>Centro de Autismo abierto en Chetumal en 2019,<\/strong>\u00a0que incluye un Centro de Habilidades para la Vida Diaria, as\u00ed como en el Centro Diagn\u00f3stico y Tratamiento para Ni\u00f1as, Ni\u00f1os y Adolescentes con Trastorno del Espectro Autista en Canc\u00fan.<\/p>\n<p>El inmueble beneficiar\u00e1 de manera directa a mil 900 menores de edad y cuenta con recepci\u00f3n, enfermer\u00eda, paidopsiquatr\u00eda, neuropsicolog\u00eda, terapia f\u00edsica, terapia ocupacional, terapia del lenguaje, investigaci\u00f3n, aulas de atenci\u00f3n integral, as\u00ed como espacios exteriores, servicios sanitarios, estacionamientos, patio central, entre otros.<\/p>\n<p>Estuvieron presentes tambi\u00e9n la directora general del DIF Quintana Roo, Mar\u00eda Elba Carranza Aguirre; el subdirector general de Salud y Atenci\u00f3n a Personas con Discapacidad del DIF Quintana Roo, Jedial Matos Villanueva; y la encargada del despacho de la direcci\u00f3n de Salud del DIF Benito Ju\u00e1rez, Mar\u00eda del Carmen Cervantes Mart\u00ednez, as\u00ed como personal de la instituci\u00f3n e invitados.<\/p>\n<\/div>\n<\/div>\n","protected":false},"excerpt":{"rendered":"<p>Se promover\u00e1 el acceso a los servicios especializados de diagn\u00f3stico, atenci\u00f3n y tratamiento multidisciplinario para&#8230;<\/p>\n","protected":false},"author":1,"featured_media":8916,"comment_status":"open","ping_status":"closed","sticky":false,"template":"","format":"standard","meta":{"footnotes":""},"categories":[2,15,37],"tags":[],"class_list":["post-8914","post","type-post","status-publish","format-standard","has-post-thumbnail","hentry","category-local","category-politica","category-quintana-roo"],"_links":{"self":[{"href":"https:\/\/xn--huracnpolmicocancnquintanaroo-knc6wmu.com\/index.php?rest_route=\/wp\/v2\/posts\/8914","targetHints":{"allow":["GET"]}}],"collection":[{"href":"https:\/\/xn--huracnpolmicocancnquintanaroo-knc6wmu.com\/index.php?rest_route=\/wp\/v2\/posts"}],"about":[{"href":"https:\/\/xn--huracnpolmicocancnquintanaroo-knc6wmu.com\/index.php?rest_route=\/wp\/v2\/types\/post"}],"author":[{"embeddable":true,"href":"https:\/\/xn--huracnpolmicocancnquintanaroo-knc6wmu.com\/index.php?rest_route=\/wp\/v2\/users\/1"}],"replies":[{"embeddable":true,"href":"https:\/\/xn--huracnpolmicocancnquintanaroo-knc6wmu.com\/index.php?rest_route=%2Fwp%2Fv2%2Fcomments&post=8914"}],"version-history":[{"count":1,"href":"https:\/\/xn--huracnpolmicocancnquintanaroo-knc6wmu.com\/index.php?rest_route=\/wp\/v2\/posts\/8914\/revisions"}],"predecessor-version":[{"id":8915,"href":"https:\/\/xn--huracnpolmicocancnquintanaroo-knc6wmu.com\/index.php?rest_route=\/wp\/v2\/posts\/8914\/revisions\/8915"}],"wp:featuredmedia":[{"embeddable":true,"href":"https:\/\/xn--huracnpolmicocancnquintanaroo-knc6wmu.com\/index.php?rest_route=\/wp\/v2\/media\/8916"}],"wp:attachment":[{"href":"https:\/\/xn--huracnpolmicocancnquintanaroo-knc6wmu.com\/index.php?rest_route=%2Fwp%2Fv2%2Fmedia&parent=8914"}],"wp:term":[{"taxonomy":"category","embeddable":true,"href":"https:\/\/xn--huracnpolmicocancnquintanaroo-knc6wmu.com\/index.php?rest_route=%2Fwp%2Fv2%2Fcategories&post=8914"},{"taxonomy":"post_tag","embeddable":true,"href":"https:\/\/xn--huracnpolmicocancnquintanaroo-knc6wmu.com\/index.php?rest_route=%2Fwp%2Fv2%2Ftags&post=8914"}],"curies":[{"name":"wp","href":"https:\/\/api.w.org\/{rel}","templated":true}]}}