{"id":8917,"date":"2022-09-21T16:17:46","date_gmt":"2022-09-21T21:17:46","guid":{"rendered":"https:\/\/xn--huracnpolmicocancnquintanaroo-knc6wmu.com\/?p=8917"},"modified":"2022-09-21T21:17:48","modified_gmt":"2022-09-21T21:17:48","slug":"claudia-sheinbaum-ofrece-apoyo-a-colima-por-personas-afectadas-tras-sismo","status":"publish","type":"post","link":"https:\/\/xn--huracnpolmicocancnquintanaroo-knc6wmu.com\/?p=8917","title":{"rendered":"Claudia Sheinbaum ofrece apoyo a Colima por personas afectadas tras sismo"},"content":{"rendered":"<header class=\"main-article--header\">\n<h4 class=\"bajada\" style=\"text-align: center;\">La jefa de Gobierno de la CDMX, Claudia Sheinbaum, envi\u00f3 sus condolencias por la muerte de dos personas en Manzanillo, Colima<\/h4>\n<\/header>\n<div class=\"main-article--autor\">\n<p>La jefa de\u00a0Gobierno de la Ciudad de M\u00e9xico,\u00a0<strong>Claudia Sheinbaum<\/strong>,\u00a0<strong>lament\u00f3 la muerte de dos personas en Manzanillo<\/strong>\u00a0durante el sismo registrado el d\u00eda de ayer. &#8220;Lamento el fallecimiento de dos personas en Manzanillo,\u00a0<strong>Colima<\/strong>. Gobernadora Indira Vizca\u00edno y todo el pueblo colimense cuentan con el apoyo que requieran de la Ciudad. Un abrazo solidario\u201d, se puede leer en el Twitter de la mandataria.<\/p>\n<p>Aunque en la\u00a0<strong>CDMX no se reportaron da\u00f1os<\/strong>\u00a0que lamentar,\u00a0<strong>otras ciudades<\/strong>\u00a0del pa\u00eds no tuvieron ese saldo y sufrieron por los destrozos ocasionados por el sismo registrado el 19 de septiembre, una fecha que ya no es del agrado de los mexicanos quienes se preguntan sobre la periodicidad de los temblores. Por esta raz\u00f3n,\u00a0<strong>Claudia Sheinbaum<\/strong>\u00a0extern\u00f3 su\u00a0<strong>disposici\u00f3n para apoyar a los pobladores de Colima en momentos de dificultad<\/strong>.<\/p>\n<p>Si algo nos ha caracterizado como mexicanos es la\u00a0<strong>solidaridad para apoyar<\/strong>\u00a0a los que nos\u00a0<strong>necesitan en momentos dif\u00edciles<\/strong>\u00a0y sobre todo apoyar en la b\u00fasqueda o rescate de ciudadanos durante este tipo de desastres, raz\u00f3n por la cual, la jefa de Gobierno de la Ciudad de M\u00e9xico tambi\u00e9n decidi\u00f3 sumarse y adem\u00e1s de ofrecer sus condolencias, tambi\u00e9n dej\u00f3 abierta la puerta a la posibilidad de brindar ayuda.<\/p>\n<div class=\"content-banner\">\n<h2>Apoyo de la CDMX a otras entidades<\/h2>\n<p>As\u00ed como este se\u00f1alamiento de apoyo a la gobernadora de Colima y la gente de ese estado, en situaciones similares,\u00a0<strong>Claudia Sheinbaum<\/strong>\u00a0se ha tratado de sumar con apoyo a otros ciudades de la Rep\u00fablica mexicana que lo han requerido. Tal fue el caso hace algunos meses de\u00a0<strong>Monterrey, Nuevo Le\u00f3n<\/strong>, que presentaba una situaci\u00f3n de sequ\u00eda en diferentes colonias y localidades de la entidad, que gener\u00f3 una crisis de escasez del vital l\u00edquido.<\/p>\n<p>En respuesta, Sheinbaum Pardo anunci\u00f3 en una conferencia de prensa que el gobierno capitalino\u00a0<strong>apoyar\u00eda con pipas de agua a los neoleoneses<\/strong>, para sumarse a otras ayudas que se recibieron en la entidad del norte del pa\u00eds. De igual forma, la mandataria\u00a0<strong>envi\u00f3 un par de bombas hidr\u00e1ulicas\u00a0<\/strong>a Sabinas, Coahuila, como parte de un llamado del presidente de M\u00e9xico para\u00a0<strong>contribuir en el rescate de los mineros<\/strong>\u00a0que quedaron atrapados en dicho lugar.<\/p>\n<p>Cabe recordar que a finales de julio,\u00a0<strong>Sheinbaum Pardo visit\u00f3 Colima<\/strong>\u00a0como parte de una invitaci\u00f3n de la gobernadora para hablar sobre los proyectos de gobierno impulsados desde ambas administraciones.<\/p>\n<\/div>\n<\/div>\n","protected":false},"excerpt":{"rendered":"<p>La jefa de Gobierno de la CDMX, Claudia Sheinbaum, envi\u00f3 sus condolencias por la muerte&#8230;<\/p>\n","protected":false},"author":1,"featured_media":8919,"comment_status":"open","ping_status":"closed","sticky":false,"template":"","format":"standard","meta":{"footnotes":""},"categories":[12,14],"tags":[],"class_list":["post-8917","post","type-post","status-publish","format-standard","has-post-thumbnail","hentry","category-nacional","category-policia"],"_links":{"self":[{"href":"https:\/\/xn--huracnpolmicocancnquintanaroo-knc6wmu.com\/index.php?rest_route=\/wp\/v2\/posts\/8917","targetHints":{"allow":["GET"]}}],"collection":[{"href":"https:\/\/xn--huracnpolmicocancnquintanaroo-knc6wmu.com\/index.php?rest_route=\/wp\/v2\/posts"}],"about":[{"href":"https:\/\/xn--huracnpolmicocancnquintanaroo-knc6wmu.com\/index.php?rest_route=\/wp\/v2\/types\/post"}],"author":[{"embeddable":true,"href":"https:\/\/xn--huracnpolmicocancnquintanaroo-knc6wmu.com\/index.php?rest_route=\/wp\/v2\/users\/1"}],"replies":[{"embeddable":true,"href":"https:\/\/xn--huracnpolmicocancnquintanaroo-knc6wmu.com\/index.php?rest_route=%2Fwp%2Fv2%2Fcomments&post=8917"}],"version-history":[{"count":1,"href":"https:\/\/xn--huracnpolmicocancnquintanaroo-knc6wmu.com\/index.php?rest_route=\/wp\/v2\/posts\/8917\/revisions"}],"predecessor-version":[{"id":8918,"href":"https:\/\/xn--huracnpolmicocancnquintanaroo-knc6wmu.com\/index.php?rest_route=\/wp\/v2\/posts\/8917\/revisions\/8918"}],"wp:featuredmedia":[{"embeddable":true,"href":"https:\/\/xn--huracnpolmicocancnquintanaroo-knc6wmu.com\/index.php?rest_route=\/wp\/v2\/media\/8919"}],"wp:attachment":[{"href":"https:\/\/xn--huracnpolmicocancnquintanaroo-knc6wmu.com\/index.php?rest_route=%2Fwp%2Fv2%2Fmedia&parent=8917"}],"wp:term":[{"taxonomy":"category","embeddable":true,"href":"https:\/\/xn--huracnpolmicocancnquintanaroo-knc6wmu.com\/index.php?rest_route=%2Fwp%2Fv2%2Fcategories&post=8917"},{"taxonomy":"post_tag","embeddable":true,"href":"https:\/\/xn--huracnpolmicocancnquintanaroo-knc6wmu.com\/index.php?rest_route=%2Fwp%2Fv2%2Ftags&post=8917"}],"curies":[{"name":"wp","href":"https:\/\/api.w.org\/{rel}","templated":true}]}}