{"id":8938,"date":"2022-09-22T17:25:57","date_gmt":"2022-09-22T22:25:57","guid":{"rendered":"https:\/\/xn--huracnpolmicocancnquintanaroo-knc6wmu.com\/?p=8938"},"modified":"2022-09-22T22:25:58","modified_gmt":"2022-09-22T22:25:58","slug":"sheinbaum-lamenta-la-muerte-de-dos-personas-ocurridas-durante-el-sismo-en-la-cdmx","status":"publish","type":"post","link":"https:\/\/xn--huracnpolmicocancnquintanaroo-knc6wmu.com\/?p=8938","title":{"rendered":"Sheinbaum lamenta la muerte de dos personas, ocurridas durante el sismo en la CDMX"},"content":{"rendered":"<header class=\"main-article--header\">\n<h4 class=\"bajada\" style=\"text-align: center;\">La jefa de Gobierno asegur\u00f3 que esta persona sufri\u00f3 una ca\u00edda y se golpe\u00f3 durante la evacuaci\u00f3n de un inmueble<\/h4>\n<\/header>\n<div class=\"main-article--autor\">\n<p>La jefa de Gobierno,\u00a0<strong>Claudia<\/strong>\u00a0<strong>Sheinbaum<\/strong>, inform\u00f3 que una mujer perdi\u00f3 la vida a causa del\u00a0sismo que se registr\u00f3 a las 1:16 horas\u00a0con epicentro en\u00a0<strong>Coalcoman<\/strong>,\u00a0<strong>Michoac\u00e1n<\/strong>.<\/p>\n<p>De acuerdo con la\u00a0<strong>Secretar\u00eda de Seguridad Ciudadana<\/strong>\u00a0de la capital, tras la activaci\u00f3n de la\u00a0Alerta S\u00edsmica,\u00a0esta persona habr\u00eda salido de su casa de forma apresurada, lo cual ocasion\u00f3 que perdiera el equilibrio y cayera<\/p>\n<p>Esto dio pie a que se golpeara en la cabeza con la escaleras de su domicilio. La lesi\u00f3n le ocasion\u00f3 la muerte en el lugar ubicado en la colonia\u00a0<strong>Doctores<\/strong>.<\/p>\n<div class=\"content-banner\">\n<p>La mujer de 57 a\u00f1os de edad muri\u00f3 en el n\u00famero 15 de la calle\u00a0<strong>Garc\u00eda<\/strong>\u00a0<strong>Diego<\/strong>, justo en la intersecci\u00f3n de esta vialidad con<strong>\u00a0Eje Central L\u00e1zaro C\u00e1rdenas<\/strong>. Fue encontrada por sus vecinos.<\/p>\n<p>En el lugar se espera el arribo de la\u00a0<strong>Fiscal\u00eda General de Justicia<\/strong>\u00a0<strong>capitalina<\/strong>, los cuales realizar\u00e1n el peritaje correspondiente y llevar\u00e1n el cuerpo de la v\u00edctima al Servicio M\u00e9dico Forense para que sea reconocido por sus familiares.<\/p>\n<p>&#8220;Desafortunadamente me reportan un lamentable fallecimiento por ca\u00edda en la colonia Doctores&#8221;, escribi\u00f3 la jefa de Gobierno.<\/p>\n<h2>Muri\u00f3 uno m\u00e1s en Coyoac\u00e1n<\/h2>\n<p>Minutos despu\u00e9s, la jefa de Gobierno confirm\u00f3 que una persona m\u00e1s muri\u00f3 debido a un infarto en la\u00a0<strong>colonia<\/strong>\u00a0<strong>Educaci\u00f3n<\/strong>\u00a0en la alcald\u00eda\u00a0<strong>Coyoac\u00e1n<\/strong>.<\/p>\n<p>Se trata de un hombre que tuvo un episodio cardiaco justo al momento de que comenz\u00f3 a sonar la alerta s\u00edsmica. Este hecho ocurri\u00f3 en\u00a0Calle 11 entre cerro\u00a0<strong>San Antonio y la avenida Fuentes<\/strong>. Las autoridades ya se encuentran en\u00a0este lugar.<\/p>\n<p>Al mensaje se sum\u00f3 el presidente Andr\u00e9s Manuel L\u00f3pez Obrador, quien a trav\u00e9s de sus redes sociales lament\u00f3 la muerte de dos personas, y en comunicaci\u00f3n permanente con los estados, asegur\u00f3 que no<strong>\u00a0hubo m\u00e1s v\u00edctimas ni p\u00e9rdidas humanas en otras regiones.<\/strong><\/p>\n<h2>La ciudad est\u00e1 en calma<\/h2>\n<p>De acuerdo con la l\u00edder de la capital, la\u00a0<strong>Ciudad<\/strong>\u00a0de\u00a0<strong>M\u00e9xico<\/strong>\u00a0no present\u00f3 alg\u00fan da\u00f1o estructural grave en alguna de las 16 alcald\u00edas. Sin embargo, se continuar\u00e1 con los\u00a0<strong>protocolos<\/strong>\u00a0de\u00a0<strong>emergencia<\/strong>\u00a0para evitar cualquier problema.<\/p>\n<p>&#8220;Agradezco a la ciudadan\u00eda y a mi equipo, por cumplir los protocolos ante sismo&#8221;.<\/p>\n<\/div>\n<\/div>\n","protected":false},"excerpt":{"rendered":"<p>La jefa de Gobierno asegur\u00f3 que esta persona sufri\u00f3 una ca\u00edda y se golpe\u00f3 durante&#8230;<\/p>\n","protected":false},"author":1,"featured_media":8940,"comment_status":"open","ping_status":"closed","sticky":false,"template":"","format":"standard","meta":{"footnotes":""},"categories":[12,15],"tags":[],"class_list":["post-8938","post","type-post","status-publish","format-standard","has-post-thumbnail","hentry","category-nacional","category-politica"],"_links":{"self":[{"href":"https:\/\/xn--huracnpolmicocancnquintanaroo-knc6wmu.com\/index.php?rest_route=\/wp\/v2\/posts\/8938","targetHints":{"allow":["GET"]}}],"collection":[{"href":"https:\/\/xn--huracnpolmicocancnquintanaroo-knc6wmu.com\/index.php?rest_route=\/wp\/v2\/posts"}],"about":[{"href":"https:\/\/xn--huracnpolmicocancnquintanaroo-knc6wmu.com\/index.php?rest_route=\/wp\/v2\/types\/post"}],"author":[{"embeddable":true,"href":"https:\/\/xn--huracnpolmicocancnquintanaroo-knc6wmu.com\/index.php?rest_route=\/wp\/v2\/users\/1"}],"replies":[{"embeddable":true,"href":"https:\/\/xn--huracnpolmicocancnquintanaroo-knc6wmu.com\/index.php?rest_route=%2Fwp%2Fv2%2Fcomments&post=8938"}],"version-history":[{"count":1,"href":"https:\/\/xn--huracnpolmicocancnquintanaroo-knc6wmu.com\/index.php?rest_route=\/wp\/v2\/posts\/8938\/revisions"}],"predecessor-version":[{"id":8939,"href":"https:\/\/xn--huracnpolmicocancnquintanaroo-knc6wmu.com\/index.php?rest_route=\/wp\/v2\/posts\/8938\/revisions\/8939"}],"wp:featuredmedia":[{"embeddable":true,"href":"https:\/\/xn--huracnpolmicocancnquintanaroo-knc6wmu.com\/index.php?rest_route=\/wp\/v2\/media\/8940"}],"wp:attachment":[{"href":"https:\/\/xn--huracnpolmicocancnquintanaroo-knc6wmu.com\/index.php?rest_route=%2Fwp%2Fv2%2Fmedia&parent=8938"}],"wp:term":[{"taxonomy":"category","embeddable":true,"href":"https:\/\/xn--huracnpolmicocancnquintanaroo-knc6wmu.com\/index.php?rest_route=%2Fwp%2Fv2%2Fcategories&post=8938"},{"taxonomy":"post_tag","embeddable":true,"href":"https:\/\/xn--huracnpolmicocancnquintanaroo-knc6wmu.com\/index.php?rest_route=%2Fwp%2Fv2%2Ftags&post=8938"}],"curies":[{"name":"wp","href":"https:\/\/api.w.org\/{rel}","templated":true}]}}