{"id":8941,"date":"2022-09-23T15:50:25","date_gmt":"2022-09-23T20:50:25","guid":{"rendered":"https:\/\/xn--huracnpolmicocancnquintanaroo-knc6wmu.com\/?p=8941"},"modified":"2022-09-23T20:50:33","modified_gmt":"2022-09-23T20:50:33","slug":"mexico-propone-consulta-popular-sobre-el-papel-del-ejercito","status":"publish","type":"post","link":"https:\/\/xn--huracnpolmicocancnquintanaroo-knc6wmu.com\/?p=8941","title":{"rendered":"M\u00e9xico propone consulta popular sobre el papel del Ej\u00e9rcito"},"content":{"rendered":"<p class=\"sc-bdVaJa dist__TextBase-sc-1fnzlkn-2 hLMqRF\">M\u00e9xico ha consultado a los ciudadanos sobre grandes infraestructuras o sobre la revocaci\u00f3n del mandato del presidente y ahora quiere hacerlo sobre el \u00faltimo tema que ha sembrado pol\u00e9mica en la sociedad: El papel del Ej\u00e9rcito en la seguridad p\u00fablica.<\/p>\n<p class=\"sc-bdVaJa dist__TextBase-sc-1fnzlkn-2 hLMqRF\">El presidente Andr\u00e9s Manuel L\u00f3pez Obrador propuso el viernes hacer una consulta popular sobre el tema a principios del a\u00f1o pr\u00f3ximo y despu\u00e9s de un periodo en el que se den a conocer todas las posturas y haya debate p\u00fablico.<\/p>\n<p class=\"sc-bdVaJa dist__TextBase-sc-1fnzlkn-2 hLMqRF\">Sin embargo, no est\u00e1 claro si tal consulta tendr\u00eda alguna repercusi\u00f3n real o no porque el mandatario dijo que para que no cueste dinero no intervendr\u00edan las autoridades electorales, con lo que no ser\u00eda vinculante. \u201cHay que buscar un mecanismo\u201d para llevarlo a cabo, afirm\u00f3.<\/p>\n<p class=\"sc-bdVaJa dist__TextBase-sc-1fnzlkn-2 hLMqRF\">La propuesta llega cuando algunos cambios legales que aumentan la militarizaci\u00f3n de las labores policiacas en el pa\u00eds ya han sido aprobados por el Congreso mexicano y otras est\u00e1n en proceso de aprobarse, pese a las duras cr\u00edticas recibidas por M\u00e9xico de organizaciones nacionales e internacionales de derechos humanos.<\/p>\n<p class=\"sc-bdVaJa dist__TextBase-sc-1fnzlkn-2 hLMqRF\">Las dos c\u00e1maras parlamentarias ya probaron que la Guardia Nacional, un cuerpo que fue creado con un car\u00e1cter civil, pase a depender del jefe del Ej\u00e9rcito y la extensi\u00f3n del plazo para que las fuerzas armadas siguan en labores de seguridad p\u00fablica ya fue aprobada por la C\u00e1mara de Diputados y est\u00e1 en debate en el Senado, que podr\u00eda abordar el tema en las pr\u00f3ximas semanas.<\/p>\n<p class=\"sc-bdVaJa dist__TextBase-sc-1fnzlkn-2 hLMqRF\">Pero precisamente esas ser\u00edan dos de las preguntas que L\u00f3pez Obrador plante\u00f3 para la consulta popular junto a si los mexicanos est\u00e1n de acuerdo con la creaci\u00f3n de la Guardia Nacional y su desempe\u00f1o hasta ahora.<\/p>\n<p class=\"sc-bdVaJa dist__TextBase-sc-1fnzlkn-2 hLMqRF\">Los cr\u00edticos con el gobierno han denunciado en anteriores ocasiones la inutilidad de este tipo de consultas que, a juicio de la oposici\u00f3n, s\u00f3lo tendr\u00edan objetivos propagand\u00edsticos.<\/p>\n","protected":false},"excerpt":{"rendered":"<p>M\u00e9xico ha consultado a los ciudadanos sobre grandes infraestructuras o sobre la revocaci\u00f3n del mandato&#8230;<\/p>\n","protected":false},"author":1,"featured_media":8943,"comment_status":"open","ping_status":"closed","sticky":false,"template":"","format":"standard","meta":{"footnotes":""},"categories":[12,14,15],"tags":[],"class_list":["post-8941","post","type-post","status-publish","format-standard","has-post-thumbnail","hentry","category-nacional","category-policia","category-politica"],"_links":{"self":[{"href":"https:\/\/xn--huracnpolmicocancnquintanaroo-knc6wmu.com\/index.php?rest_route=\/wp\/v2\/posts\/8941","targetHints":{"allow":["GET"]}}],"collection":[{"href":"https:\/\/xn--huracnpolmicocancnquintanaroo-knc6wmu.com\/index.php?rest_route=\/wp\/v2\/posts"}],"about":[{"href":"https:\/\/xn--huracnpolmicocancnquintanaroo-knc6wmu.com\/index.php?rest_route=\/wp\/v2\/types\/post"}],"author":[{"embeddable":true,"href":"https:\/\/xn--huracnpolmicocancnquintanaroo-knc6wmu.com\/index.php?rest_route=\/wp\/v2\/users\/1"}],"replies":[{"embeddable":true,"href":"https:\/\/xn--huracnpolmicocancnquintanaroo-knc6wmu.com\/index.php?rest_route=%2Fwp%2Fv2%2Fcomments&post=8941"}],"version-history":[{"count":1,"href":"https:\/\/xn--huracnpolmicocancnquintanaroo-knc6wmu.com\/index.php?rest_route=\/wp\/v2\/posts\/8941\/revisions"}],"predecessor-version":[{"id":8942,"href":"https:\/\/xn--huracnpolmicocancnquintanaroo-knc6wmu.com\/index.php?rest_route=\/wp\/v2\/posts\/8941\/revisions\/8942"}],"wp:featuredmedia":[{"embeddable":true,"href":"https:\/\/xn--huracnpolmicocancnquintanaroo-knc6wmu.com\/index.php?rest_route=\/wp\/v2\/media\/8943"}],"wp:attachment":[{"href":"https:\/\/xn--huracnpolmicocancnquintanaroo-knc6wmu.com\/index.php?rest_route=%2Fwp%2Fv2%2Fmedia&parent=8941"}],"wp:term":[{"taxonomy":"category","embeddable":true,"href":"https:\/\/xn--huracnpolmicocancnquintanaroo-knc6wmu.com\/index.php?rest_route=%2Fwp%2Fv2%2Fcategories&post=8941"},{"taxonomy":"post_tag","embeddable":true,"href":"https:\/\/xn--huracnpolmicocancnquintanaroo-knc6wmu.com\/index.php?rest_route=%2Fwp%2Fv2%2Ftags&post=8941"}],"curies":[{"name":"wp","href":"https:\/\/api.w.org\/{rel}","templated":true}]}}