{"id":8977,"date":"2022-09-26T15:26:34","date_gmt":"2022-09-26T20:26:34","guid":{"rendered":"https:\/\/xn--huracnpolmicocancnquintanaroo-knc6wmu.com\/?p=8977"},"modified":"2022-09-26T20:26:45","modified_gmt":"2022-09-26T20:26:45","slug":"pesimismo-desde-la-ocde-recorta-pronostico-de-crecimiento-de-mexico-a-1-5-para-2023","status":"publish","type":"post","link":"https:\/\/xn--huracnpolmicocancnquintanaroo-knc6wmu.com\/?p=8977","title":{"rendered":"\u2018Pesimismo\u2019 desde la OCDE: recorta pron\u00f3stico de crecimiento de M\u00e9xico a 1.5% para 2023"},"content":{"rendered":"<div class=\"row\">\n<div class=\"col-sm-xl-12 layout-section wrap-bottom\">\n<h4 class=\"primary-font__PrimaryFontStyles-o56yd5-0 heuGTu h4-primary sub-headline\" style=\"text-align: center;\">La instituci\u00f3n se\u00f1al\u00f3 que esto va de acorde con la tendencia mundial de desaceleraci\u00f3n econ\u00f3mica que se espera para el siguiente a\u00f1o.<\/h4>\n<p class=\"default__StyledText-xb1qmn-0 cgXrXK body-paragraph\"><b>La Organizaci\u00f3n para la Cooperaci\u00f3n y Desarrollo Econ\u00f3mico (OCDE)\u00a0<\/b>recort\u00f3 sus provisiones sobre\u00a0<b>el PIB de M\u00e9xico<\/b>\u00a0para 2023, a un crecimiento de 1.5 por ciento, 0.6 puntos porcentuales debajo de lo previsto en junio y\u00a0<b>a la mitad\u00a0<\/b>de lo que Hacienda public\u00f3 en\u00a0el Paquete Econ\u00f3mico del pr\u00f3ximo a\u00f1o.<\/p>\n<p class=\"default__StyledText-xb1qmn-0 cgXrXK body-paragraph\">Para 2022, el organismo mejor\u00f3 su previsi\u00f3n, pues la econom\u00eda mexicana mantendr\u00e1 dinamismo por lo que se prev\u00e9 que la econom\u00eda avance 2.1, 0.2 puntos porcentuales m\u00e1s de lo previsto en junio.<\/p>\n<p class=\"default__StyledText-xb1qmn-0 cgXrXK body-paragraph\">La OCDE recort\u00f3 sus pron\u00f3sticos para 2023, acorde con la tendencia mundial de desaceleraci\u00f3n econ\u00f3mica, seg\u00fan se expone en las Perspectivas Econ\u00f3micas Intermedias de septiembre de 2022.<\/p>\n<p class=\"default__StyledText-xb1qmn-0 cgXrXK body-paragraph\">El organismo tambi\u00e9n prev\u00e9 que la inflaci\u00f3n tomar\u00e1 m\u00e1s tiempo de lo previsto para acercarse al objetivo del Banco de M\u00e9xico. La inflaci\u00f3n cerrar\u00e1 2022\u00a0<b>en 7.9 por ciento<\/b>, 1 punto porcentual mayor a lo estimado tres meses atr\u00e1s y para 2023 anticipa se ubique\u00a0<b>en 4.9 por ciento<\/b>, 0.5 puntos m\u00e1s que lo previsto en junio.<\/p>\n<div id=\"arcad-feature-6185\" class=\"default__StyledAdUnit-ijbiyl-0 dmQA-dM arcad-feature margin-md-bottom \">\n<div class=\"arcad-container\">\n<div id=\"lazy_65921\">\n<div id=\"arcad_6185\" class=\"arcad ad-300x250\" data-google-query-id=\"CLq0vo6ls_oCFQRIwQodhGcNRA\">\n<p class=\"default__StyledText-xb1qmn-0 cgXrXK body-paragraph\">\u201cEn las econom\u00edas m\u00e1s grandes de Am\u00e9rica Latina, Brasil y M\u00e9xico, los bancos centrales ya han aumentado las tasas de inter\u00e9s considerablemente y, combinado con una disminuci\u00f3n de la inflaci\u00f3n de los precios de la energ\u00eda, se espera que esto reduzca sustancialmente la inflaci\u00f3n general en 2023\u2033, se\u00f1al\u00f3 el reporte.<\/p>\n<h2 class=\"heading__StyledHeading-sc-5jxglz-0 kSxoe\">Econom\u00eda mundial se \u2018apaga\u2019<\/h2>\n<p class=\"default__StyledText-xb1qmn-0 cgXrXK body-paragraph\">Despu\u00e9s de un rebote tras la afectaci\u00f3n por la pandemia de COVID-19, la guerra de Rusia en Ucrania ha presionado los precios de la energ\u00eda y alimentos sustancialmente, agravando las presiones inflacionarias al tiempo que los costos de vida est\u00e1n aumentando r\u00e1pidamente alrededor del mundo, indic\u00f3 el reporte.<\/p>\n<p class=\"default__StyledText-xb1qmn-0 cgXrXK body-paragraph\">El organismo mantuvo su previsi\u00f3n para la econom\u00eda global en 3 por ciento para 2022, pero la recort\u00f3 en 0.6 puntos porcentuales a 2.2 por ciento para 2023, esto debido a los ajustes a la baja en las proyecciones principalmente para\u00a0<b>Alemania, la Zona Euro y Canad\u00e1<\/b>, a quienes les recort\u00f3 sus pron\u00f3sticos en 2.4, 1.3 y 1.1 puntos porcentuales, respectivamente.<\/p>\n<p class=\"default__StyledText-xb1qmn-0 cgXrXK body-paragraph\">El pron\u00f3stico para la econom\u00eda de Estados Unidos sufri\u00f3 un recorte de 1 punto porcentual, a 1.5 por ciento para 2022, y para 2023, la OCDE anticipa crecimiento de 0.5 por ciento, tras recortar su pron\u00f3stico en 0.7 puntos porcentuales.<\/p>\n<p class=\"default__StyledText-xb1qmn-0 cgXrXK body-paragraph\">Se prev\u00e9 que el crecimiento en China sea de 3.2 por ciento este a\u00f1o, en medio de los cierres por el COVID-19 y la debilidad del mercado inmobiliario, pero el apoyo de las pol\u00edticas podr\u00eda ayudar a que la econom\u00eda se recupere el pr\u00f3ximo a\u00f1o.<\/p>\n<p class=\"default__StyledText-xb1qmn-0 cgXrXK body-paragraph\">\u201cLa inflaci\u00f3n se ha generalizado en muchas econom\u00edas. Una pol\u00edtica monetaria m\u00e1s estricta y el alivio de los cuellos de botella en la oferta deber\u00edan moderar las presiones inflacionarias el pr\u00f3ximo a\u00f1o, pero es probable que\u00a0<b>los elevados precios de la energ\u00eda y los mayores costos laborales<\/b>\u00a0reduzcan el ritmo de la ca\u00edda\u201d, expuso el organismo.<\/p>\n<p class=\"default__StyledText-xb1qmn-0 cgXrXK body-paragraph\">La OCDE prev\u00e9 que la inflaci\u00f3n general disminuya de 8.2\u00a0 por ciento en 2022 a 6.6 por ciento en 2023 en<b>\u00a0las econom\u00edas del G20.<\/b><\/p>\n<\/div>\n<\/div>\n<\/div>\n<\/div>\n<div class=\"default__StyledDiv-cj38t1-0 gCPfDm share-bar\"><\/div>\n<\/div>\n<\/div>\n<div class=\"row\">\n<div class=\"col-sm-md-12 col-lg-xl-8 left-article-section ie-flex-100-percent-sm layout-section\"><\/div>\n<\/div>\n","protected":false},"excerpt":{"rendered":"<p>La instituci\u00f3n se\u00f1al\u00f3 que esto va de acorde con la tendencia mundial de desaceleraci\u00f3n econ\u00f3mica&#8230;<\/p>\n","protected":false},"author":1,"featured_media":8979,"comment_status":"open","ping_status":"closed","sticky":false,"template":"","format":"standard","meta":{"footnotes":""},"categories":[12,15],"tags":[],"class_list":["post-8977","post","type-post","status-publish","format-standard","has-post-thumbnail","hentry","category-nacional","category-politica"],"_links":{"self":[{"href":"https:\/\/xn--huracnpolmicocancnquintanaroo-knc6wmu.com\/index.php?rest_route=\/wp\/v2\/posts\/8977","targetHints":{"allow":["GET"]}}],"collection":[{"href":"https:\/\/xn--huracnpolmicocancnquintanaroo-knc6wmu.com\/index.php?rest_route=\/wp\/v2\/posts"}],"about":[{"href":"https:\/\/xn--huracnpolmicocancnquintanaroo-knc6wmu.com\/index.php?rest_route=\/wp\/v2\/types\/post"}],"author":[{"embeddable":true,"href":"https:\/\/xn--huracnpolmicocancnquintanaroo-knc6wmu.com\/index.php?rest_route=\/wp\/v2\/users\/1"}],"replies":[{"embeddable":true,"href":"https:\/\/xn--huracnpolmicocancnquintanaroo-knc6wmu.com\/index.php?rest_route=%2Fwp%2Fv2%2Fcomments&post=8977"}],"version-history":[{"count":1,"href":"https:\/\/xn--huracnpolmicocancnquintanaroo-knc6wmu.com\/index.php?rest_route=\/wp\/v2\/posts\/8977\/revisions"}],"predecessor-version":[{"id":8978,"href":"https:\/\/xn--huracnpolmicocancnquintanaroo-knc6wmu.com\/index.php?rest_route=\/wp\/v2\/posts\/8977\/revisions\/8978"}],"wp:featuredmedia":[{"embeddable":true,"href":"https:\/\/xn--huracnpolmicocancnquintanaroo-knc6wmu.com\/index.php?rest_route=\/wp\/v2\/media\/8979"}],"wp:attachment":[{"href":"https:\/\/xn--huracnpolmicocancnquintanaroo-knc6wmu.com\/index.php?rest_route=%2Fwp%2Fv2%2Fmedia&parent=8977"}],"wp:term":[{"taxonomy":"category","embeddable":true,"href":"https:\/\/xn--huracnpolmicocancnquintanaroo-knc6wmu.com\/index.php?rest_route=%2Fwp%2Fv2%2Fcategories&post=8977"},{"taxonomy":"post_tag","embeddable":true,"href":"https:\/\/xn--huracnpolmicocancnquintanaroo-knc6wmu.com\/index.php?rest_route=%2Fwp%2Fv2%2Ftags&post=8977"}],"curies":[{"name":"wp","href":"https:\/\/api.w.org\/{rel}","templated":true}]}}