{"id":9013,"date":"2022-09-26T17:49:43","date_gmt":"2022-09-26T22:49:43","guid":{"rendered":"https:\/\/xn--huracnpolmicocancnquintanaroo-knc6wmu.com\/?p=9013"},"modified":"2022-09-26T22:49:44","modified_gmt":"2022-09-26T22:49:44","slug":"claudia-sheinbaum-celebro-un-zocalo-lleno-muchas-gracias-grupo-firme-por-este-regalo","status":"publish","type":"post","link":"https:\/\/xn--huracnpolmicocancnquintanaroo-knc6wmu.com\/?p=9013","title":{"rendered":"Claudia Sheinbaum celebr\u00f3 un Z\u00f3calo lleno: \u2018Muchas gracias Grupo Firme por este regalo\u2019"},"content":{"rendered":"<div class=\"row\">\n<div class=\"col-sm-xl-12 layout-section wrap-bottom\">\n<h4 class=\"primary-font__PrimaryFontStyles-o56yd5-0 heuGTu h4-primary sub-headline\" style=\"text-align: center;\">El objetivo del gobierno de CDMX es romper r\u00e9cord de asistencia en el Z\u00f3calo con Grupo Firme, y el aforo obtenido es motivo de \u2018felicidad\u2019 para Claudia Sheinbaum.<\/h4>\n<\/div>\n<\/div>\n<div class=\"row\">\n<div class=\"col-sm-md-12 col-lg-xl-8 left-article-section ie-flex-100-percent-sm layout-section\">\n<p class=\"default__StyledText-xb1qmn-0 cgXrXK body-paragraph\">La\u00a0jefa de gobierno de la Ciudad de M\u00e9xico, Claudia Sheinbaum, comparti\u00f3 im\u00e1genes del\u00a0Z\u00f3calo capitalino antes del inicio del concierto de Grupo Firme\u00a0que tendr\u00e1 lugar\u00a0<b>este domingo 25 de septiembre a las 20:00 horas<\/b>.<\/p>\n<p class=\"default__StyledText-xb1qmn-0 cgXrXK body-paragraph\">\u201cMuchas gracias a\u00a0Grupo Firme por este regalo a la Ciudad. Mucha felicidad. As\u00ed se ve el z\u00f3calo a esta hora\u201d, public\u00f3 Sheinbaum antes de las 17:00 horas.<\/p>\n<p class=\"default__StyledText-xb1qmn-0 cgXrXK body-paragraph\">Minutos antes del inicio del concierto, la mandataria asegur\u00f3 que el Z\u00f3calo est\u00e1 \u201ccompletamente lleno\u201d, por lo que hizo la invitaci\u00f3n a las personas que no alcancen a llegar al evento a verlo desde sus redes sociales oficiales.<\/p>\n<div class=\"html__StyledDiv-sc-1412fwz-0 kpQgGr block-margin-bottom\">\n<p class=\"default__StyledText-xb1qmn-0 cgXrXK body-paragraph\">La secretaria de Cultura de la Ciudad de M\u00e9xico, Claudia Curiel de Icaza, dijo este s\u00e1bado 24 de septiembre dijo que el montaje para el concierto de Grupo Firme es \u201c<b>uno de los m\u00e1s grandes que se han visto en el Z\u00f3calo<\/b>\u201d.<\/p>\n<div id=\"arcad-feature-4244\" class=\"default__StyledAdUnit-ijbiyl-0 dmQA-dM arcad-feature margin-md-bottom \">\n<div class=\"arcad-container\">\n<div id=\"lazy_76192\">\n<p class=\"default__StyledText-xb1qmn-0 cgXrXK body-paragraph\">Adem\u00e1s explic\u00f3 que el gobierno capitalino tiene como objetivo romper el\u00a0<b>r\u00e9cord de audiencia<\/b>\u00a0para un concierto en el\u00a0Z\u00f3calo de la Ciudad de M\u00e9xico con Grupo Firme, buscando superar las marcas de artistas como Los Tigres del Norte, Paul McCartney, Justin Bieber y Manu Chao, entre otros.<\/p>\n<p class=\"default__StyledText-xb1qmn-0 cgXrXK body-paragraph\">Este s\u00e1bado Claudia Sheinbaum comparti\u00f3 en sus redes sociales parte de los preparativos para el concierto, y durante la tarde de este domingo\u00a0<b>comparti\u00f3 fotos en distintos horarios<\/b>\u00a0del escenario en el que Grupo Firme ofrecer\u00e1 su concierto.<\/p>\n<p class=\"default__StyledText-xb1qmn-0 cgXrXK body-paragraph\">La jefa de Gobierno hizo el recordatorio de que\u00a0<b>el concierto ser\u00e1 transmitido a trav\u00e9s de sus redes sociales<\/b>\u00a0para las personas que prefieran verlo desde casa.<\/p>\n<h2 class=\"heading__StyledHeading-sc-5jxglz-0 kSxoe\">El metro cierra hasta la 1:00 por concierto de Grupo Firme en el Z\u00f3calo<\/h2>\n<p class=\"default__StyledText-xb1qmn-0 cgXrXK body-paragraph\">El gobierno de la Ciudad de M\u00e9xico inform\u00f3 que el\u00a0servicio del Metro se extender\u00e1 hasta la 1:00 de este lunes en las l\u00edneas 2 (azul), 3 (verde) y 8 (verde fuerte). Adem\u00e1s se\u00f1al\u00f3 que las estacione<b>s Z\u00f3calo y Allende de la l\u00ednea 2 permanecer\u00e1n cerradas<\/b>.<\/p>\n<h2 class=\"heading__StyledHeading-sc-5jxglz-0 kSxoe\">\u00bfC\u00f3mo entrar al Z\u00f3calo para el concierto de Grupo Firme?<\/h2>\n<p class=\"default__StyledText-xb1qmn-0 cgXrXK body-paragraph\">El Gobierno de la Ciudad de M\u00e9xico inform\u00f3 que los accesos principales a\u00a0la plancha del Z\u00f3calo para ver el concierto de Grupo Firme\u00a0est\u00e1n en:<\/p>\n<ul class=\"list__StyledUnorderedList-sc-1wwq737-2 elaPtt\">\n<li class=\"list__StyledListItem-sc-1wwq737-0 dmVxvi\">Avenida 20 de Noviembre.<\/li>\n<li class=\"list__StyledListItem-sc-1wwq737-0 dmVxvi\">Avenida Pino Su\u00e1rez.<\/li>\n<\/ul>\n<\/div>\n<\/div>\n<\/div>\n<\/div>\n<\/div>\n<\/div>\n","protected":false},"excerpt":{"rendered":"<p>El objetivo del gobierno de CDMX es romper r\u00e9cord de asistencia en el Z\u00f3calo con&#8230;<\/p>\n","protected":false},"author":1,"featured_media":9015,"comment_status":"open","ping_status":"closed","sticky":false,"template":"","format":"standard","meta":{"footnotes":""},"categories":[27,9,12],"tags":[],"class_list":["post-9013","post","type-post","status-publish","format-standard","has-post-thumbnail","hentry","category-cultural","category-espectaculos","category-nacional"],"_links":{"self":[{"href":"https:\/\/xn--huracnpolmicocancnquintanaroo-knc6wmu.com\/index.php?rest_route=\/wp\/v2\/posts\/9013","targetHints":{"allow":["GET"]}}],"collection":[{"href":"https:\/\/xn--huracnpolmicocancnquintanaroo-knc6wmu.com\/index.php?rest_route=\/wp\/v2\/posts"}],"about":[{"href":"https:\/\/xn--huracnpolmicocancnquintanaroo-knc6wmu.com\/index.php?rest_route=\/wp\/v2\/types\/post"}],"author":[{"embeddable":true,"href":"https:\/\/xn--huracnpolmicocancnquintanaroo-knc6wmu.com\/index.php?rest_route=\/wp\/v2\/users\/1"}],"replies":[{"embeddable":true,"href":"https:\/\/xn--huracnpolmicocancnquintanaroo-knc6wmu.com\/index.php?rest_route=%2Fwp%2Fv2%2Fcomments&post=9013"}],"version-history":[{"count":1,"href":"https:\/\/xn--huracnpolmicocancnquintanaroo-knc6wmu.com\/index.php?rest_route=\/wp\/v2\/posts\/9013\/revisions"}],"predecessor-version":[{"id":9014,"href":"https:\/\/xn--huracnpolmicocancnquintanaroo-knc6wmu.com\/index.php?rest_route=\/wp\/v2\/posts\/9013\/revisions\/9014"}],"wp:featuredmedia":[{"embeddable":true,"href":"https:\/\/xn--huracnpolmicocancnquintanaroo-knc6wmu.com\/index.php?rest_route=\/wp\/v2\/media\/9015"}],"wp:attachment":[{"href":"https:\/\/xn--huracnpolmicocancnquintanaroo-knc6wmu.com\/index.php?rest_route=%2Fwp%2Fv2%2Fmedia&parent=9013"}],"wp:term":[{"taxonomy":"category","embeddable":true,"href":"https:\/\/xn--huracnpolmicocancnquintanaroo-knc6wmu.com\/index.php?rest_route=%2Fwp%2Fv2%2Fcategories&post=9013"},{"taxonomy":"post_tag","embeddable":true,"href":"https:\/\/xn--huracnpolmicocancnquintanaroo-knc6wmu.com\/index.php?rest_route=%2Fwp%2Fv2%2Ftags&post=9013"}],"curies":[{"name":"wp","href":"https:\/\/api.w.org\/{rel}","templated":true}]}}