{"id":9052,"date":"2022-09-29T15:22:53","date_gmt":"2022-09-29T20:22:53","guid":{"rendered":"https:\/\/xn--huracnpolmicocancnquintanaroo-knc6wmu.com\/?p=9052"},"modified":"2022-09-29T20:23:02","modified_gmt":"2022-09-29T20:23:02","slug":"mexico-propone-a-la-exsecretaria-ejecutiva-de-la-cepal-alicia-barcena-para-presidir-el-bid","status":"publish","type":"post","link":"https:\/\/xn--huracnpolmicocancnquintanaroo-knc6wmu.com\/?p=9052","title":{"rendered":"M\u00e9xico propone a la exsecretaria ejecutiva de la Cepal, Alicia B\u00e1rcena, para presidir el BID"},"content":{"rendered":"<div class=\"single-news-header\">\n<h4 class=\"single-news-header-subtitle\" style=\"text-align: center;\">AMLO anunci\u00f3 que propondr\u00e1 a quien hoy es la embajadora de M\u00e9xico en Chile, tras la destituci\u00f3n de Mauricio Claver-Carone por mantener relaciones \u00edntimas con una subordinada.<\/h4>\n<p>El presidente mexicano, Andr\u00e9s Manuel L\u00f3pez Obrador,\u00a0<strong>propuso este jueves a Alicia B\u00e1rcena, exsecretaria ejecutiva de la Comisi\u00f3n Econ\u00f3mica para Am\u00e9rica Latina y el Caribe (Cepal), para ser la nueva presidenta del Banco Interamericano de Desarrollo (BID).<\/strong><\/p>\n<p>El mandatario anunci\u00f3 en su rueda de prensa matutina que propondr\u00e1 a B\u00e1rcena, actual embajadora de M\u00e9xico en Chile, tras la destituci\u00f3n de Mauricio Claver-Carone por mantener relaciones \u00edntimas con una subordinada.<\/p>\n<p>&#8220;Acaban de remover al director del BID, M\u00e9xico tiene una propuesta: Alicia B\u00e1rcena. Ella estuvo en la ONU, fue directora de la Cepal mucho tiempo, es una mujer excepcional&#8221;, indic\u00f3 L\u00f3pez Obrador en el Palacio Nacional.<\/p>\n<p>El mandatario hizo la propuesta despu\u00e9s de que el BID abri\u00f3 este mi\u00e9rcoles el proceso para nombrar a un nuevo presidente, dos d\u00edas\u00a0<strong>despu\u00e9s la destituci\u00f3n del estadounidense Claver-Carone, quien perdi\u00f3 la<\/strong><\/p>\n<\/div>\n","protected":false},"excerpt":{"rendered":"<p>AMLO anunci\u00f3 que propondr\u00e1 a quien hoy es la embajadora de M\u00e9xico en Chile, tras&#8230;<\/p>\n","protected":false},"author":1,"featured_media":9054,"comment_status":"open","ping_status":"closed","sticky":false,"template":"","format":"standard","meta":{"footnotes":""},"categories":[12,15],"tags":[],"class_list":["post-9052","post","type-post","status-publish","format-standard","has-post-thumbnail","hentry","category-nacional","category-politica"],"_links":{"self":[{"href":"https:\/\/xn--huracnpolmicocancnquintanaroo-knc6wmu.com\/index.php?rest_route=\/wp\/v2\/posts\/9052","targetHints":{"allow":["GET"]}}],"collection":[{"href":"https:\/\/xn--huracnpolmicocancnquintanaroo-knc6wmu.com\/index.php?rest_route=\/wp\/v2\/posts"}],"about":[{"href":"https:\/\/xn--huracnpolmicocancnquintanaroo-knc6wmu.com\/index.php?rest_route=\/wp\/v2\/types\/post"}],"author":[{"embeddable":true,"href":"https:\/\/xn--huracnpolmicocancnquintanaroo-knc6wmu.com\/index.php?rest_route=\/wp\/v2\/users\/1"}],"replies":[{"embeddable":true,"href":"https:\/\/xn--huracnpolmicocancnquintanaroo-knc6wmu.com\/index.php?rest_route=%2Fwp%2Fv2%2Fcomments&post=9052"}],"version-history":[{"count":1,"href":"https:\/\/xn--huracnpolmicocancnquintanaroo-knc6wmu.com\/index.php?rest_route=\/wp\/v2\/posts\/9052\/revisions"}],"predecessor-version":[{"id":9053,"href":"https:\/\/xn--huracnpolmicocancnquintanaroo-knc6wmu.com\/index.php?rest_route=\/wp\/v2\/posts\/9052\/revisions\/9053"}],"wp:featuredmedia":[{"embeddable":true,"href":"https:\/\/xn--huracnpolmicocancnquintanaroo-knc6wmu.com\/index.php?rest_route=\/wp\/v2\/media\/9054"}],"wp:attachment":[{"href":"https:\/\/xn--huracnpolmicocancnquintanaroo-knc6wmu.com\/index.php?rest_route=%2Fwp%2Fv2%2Fmedia&parent=9052"}],"wp:term":[{"taxonomy":"category","embeddable":true,"href":"https:\/\/xn--huracnpolmicocancnquintanaroo-knc6wmu.com\/index.php?rest_route=%2Fwp%2Fv2%2Fcategories&post=9052"},{"taxonomy":"post_tag","embeddable":true,"href":"https:\/\/xn--huracnpolmicocancnquintanaroo-knc6wmu.com\/index.php?rest_route=%2Fwp%2Fv2%2Ftags&post=9052"}],"curies":[{"name":"wp","href":"https:\/\/api.w.org\/{rel}","templated":true}]}}