{"id":9070,"date":"2022-09-29T16:20:20","date_gmt":"2022-09-29T21:20:20","guid":{"rendered":"https:\/\/xn--huracnpolmicocancnquintanaroo-knc6wmu.com\/?p=9070"},"modified":"2022-09-29T21:20:22","modified_gmt":"2022-09-29T21:20:22","slug":"sheinbaum-dice-que-iniciara-prontito-obras-en-t2-de-aicm","status":"publish","type":"post","link":"https:\/\/xn--huracnpolmicocancnquintanaroo-knc6wmu.com\/?p=9070","title":{"rendered":"Sheinbaum dice que iniciar\u00e1 \u2018prontito\u2019 obras en T2 de AICM"},"content":{"rendered":"<div class=\"row\">\n<div class=\"col-sm-xl-12 layout-section wrap-bottom\">\n<h4 class=\"primary-font__PrimaryFontStyles-o56yd5-0 heuGTu h4-primary sub-headline\" style=\"text-align: center;\">AMLO inform\u00f3 en agosto que ser\u00eda el Gobierno de la Ciudad de M\u00e9xico el encargado de la rehabilitaci\u00f3n de la terminal 2.<\/h4>\n<div class=\"default__StyledDiv-cj38t1-0 gCPfDm share-bar\">\n<p class=\"default__StyledText-xb1qmn-0 cgXrXK body-paragraph\">\u201cProntito\u201d el Gobierno de la Ciudad de M\u00e9xico iniciar\u00e1 las obras en la\u00a0Terminal 2 del Aeropuerto Internacional de la Ciudad de M\u00e9xico (AICM), coment\u00f3 Claudia Sheinbaum,\u00a0jefa de Gobierno de la Ciudad de M\u00e9xico, en breve declaraci\u00f3n a<i>\u00a0El Financiero<\/i>\u00a0al concluir una reuni\u00f3n con el presidente Andr\u00e9s Manuel L\u00f3pez Obrador en Palacio Nacional.<\/p>\n<p class=\"default__StyledText-xb1qmn-0 cgXrXK body-paragraph\">\u201cYa prontito, vamos\u00a0 a hacer una Ma\u00f1anera con el Presidente\u201d, coment\u00f3 sin querer abundar en fechas.<\/p>\n<p class=\"default__StyledText-xb1qmn-0 cgXrXK body-paragraph\">En semanas pasadas, la morenista inform\u00f3 que ya hab\u00edan iniciado\u00a0<b>excavaciones\u00a0<\/b>para determinar cu\u00e1l es la mejor soluci\u00f3n para atender el\u00a0<b>hundimiento de la terminal, y<\/b>\u00a0que se firmar\u00eda un convenio de colaboraci\u00f3n con la Secretar\u00eda de Infraestructura, Comunicaciones y Transportes (SICT) para la transferencia de recursos federales, estimados en 600 millones de pesos.<\/p>\n<p class=\"default__StyledText-xb1qmn-0 cgXrXK body-paragraph\">El Ejecutivo federal inform\u00f3 en agosto\u00a0 que ser\u00eda el Gobierno de la Ciudad de M\u00e9xico el encargado de la rehabilitaci\u00f3n de la terminal construida en el sexenio de\u00a0Vicente Fox.<\/p>\n<p class=\"default__StyledText-xb1qmn-0 cgXrXK body-paragraph\">El Presidente justific\u00f3 que su administraci\u00f3n no podr\u00eda ejecutarla porque s\u00f3lo podr\u00eda ser mediante los ingenieros de la Secretar\u00eda de la Defensa Nacional (<b>Sedena<\/b>), pero \u00e9stos tienen ya carga de trabajo con\u00a0los tramos 6 y 7 del Tren Maya,\u00a0las sucursales del Banco del Bienestar y cuarteles de la Guardia Nacional pendientes.<\/p>\n<p class=\"default__StyledText-xb1qmn-0 cgXrXK body-paragraph\">En la reuni\u00f3n de hoy estuvieron presentes Luis Cresencio Sandoval y Rafael Ojeda, secretarios de la Defensa Nacional y Marina, respectivamente, as\u00ed como Jorge Nu\u00f1o, encargado de despacho en la SICT.<\/p>\n<p class=\"default__StyledText-xb1qmn-0 cgXrXK body-paragraph\">Adem\u00e1s Rogelio Jim\u00e9nez, subsecretario de Transportes, e Isidro Pastor, director general del Aeropuerto Internacional Felipe \u00c1ngeles (AIFA).<\/p>\n<h2 class=\"heading__StyledHeading-sc-5jxglz-0 kSxoe\"><b>Sistema de Aeropuertos no funcionar\u00e1 con AICM \u2018deficiente\u2019 y espacio a\u00e9reo saturado: CNET<\/b><\/h2>\n<p class=\"default__StyledText-xb1qmn-0 cgXrXK body-paragraph\">En la situaci\u00f3n actual en la que opera\u00a0<b>el Aeropuerto Internacional de la Ciudad de M\u00e9xico (AICM)<\/b>, con una pista cerrada; otra con fallas estructurales; la saturaci\u00f3n en el espacio a\u00e9reo, adem\u00e1s de las dos terminales en la misma condici\u00f3n, no va a funcionar el Sistema Metropolitano de Aeropuertos, asegur\u00f3 Braulio Arsuaga, presidente del Consejo Nacional Empresarial Tur\u00edstico (CNET).<\/p>\n<p class=\"default__StyledText-xb1qmn-0 cgXrXK body-paragraph\">El empresario indic\u00f3 que tampoco va funcionar el sistema de tres aeropuertos(AICM, Toluca y Aeropuerto Internacional Felipe \u00c1ngeles), en tanto la autoridad aeron\u00e1utica mexicana se encuentre degradada<b>\u00a0en categor\u00eda 2<\/b>, como lo est\u00e1 desde mayo del a\u00f1o pasado.<\/p>\n<p class=\"default__StyledText-xb1qmn-0 cgXrXK body-paragraph\">\u201cTeniendo un AICM con una sola puesta degradaci\u00f3n a la categor\u00eda 2 por m\u00e1s de 15 meses, y no sabemos para cu\u00e1ndo podr\u00eda llegar esta categor\u00eda, o se puede usar el AIFA, y si no se puede y tenemos una sola pista y tenemos un problema estructural en el aeropuerto de la Ciudad de M\u00e9xico y tenemos una saturaci\u00f3n, entonces no va a funcionar\u201d, sentenci\u00f3 en el marco de la 28\u00b0 edici\u00f3n del Congreso Nacional de la Industria de Reuniones,<\/p>\n<p class=\"default__StyledText-xb1qmn-0 cgXrXK body-paragraph\">En los \u00faltimos meses, la infraestructura del aeropuerto capitalino ha mostrado s\u00edntomas de<b>\u00a0un profundo deterioro<\/b>, ante lo cual, el Gobierno de M\u00e9xico ha decidido hacer trabajos de rehabilitaci\u00f3n de la Terminal 2, que tiene problemas en su cimentaci\u00f3n que, de no atenderse, pondr\u00edan en peligro la seguridad de los pasajeros que usan ese edificio a\u00e9reo.<\/p>\n<p class=\"default__StyledText-xb1qmn-0 cgXrXK body-paragraph\">Arsuaga indic\u00f3 que es necesario que funcionen los aeropuertos de forma correcta porque se necesita movilidad en el turismo, por lo que es importante el mantenimiento de los aeropuertos.<\/p>\n<p class=\"default__StyledText-xb1qmn-0 cgXrXK body-paragraph\">El lunes, el presidente conoci\u00f3 el plan de apuntalamiento de la T2 del AICM, para el cual se destinar\u00e1n<b>\u00a0600 millones de pesos<\/b>. El Gobierno tambi\u00e9n pretende reducir las operaciones del aeropuerto para reducir la saturaci\u00f3n de este y distribuir algunos de los vuelos (alrededor del 20 por ciento) en otros puertos a\u00e9reos del pa\u00eds.<\/p>\n<\/div>\n<\/div>\n<\/div>\n<div class=\"row\">\n<div class=\"col-sm-md-12 col-lg-xl-8 left-article-section ie-flex-100-percent-sm layout-section\"><\/div>\n<\/div>\n","protected":false},"excerpt":{"rendered":"<p>AMLO inform\u00f3 en agosto que ser\u00eda el Gobierno de la Ciudad de M\u00e9xico el encargado&#8230;<\/p>\n","protected":false},"author":1,"featured_media":9072,"comment_status":"open","ping_status":"closed","sticky":false,"template":"","format":"standard","meta":{"footnotes":""},"categories":[12,15],"tags":[],"class_list":["post-9070","post","type-post","status-publish","format-standard","has-post-thumbnail","hentry","category-nacional","category-politica"],"_links":{"self":[{"href":"https:\/\/xn--huracnpolmicocancnquintanaroo-knc6wmu.com\/index.php?rest_route=\/wp\/v2\/posts\/9070","targetHints":{"allow":["GET"]}}],"collection":[{"href":"https:\/\/xn--huracnpolmicocancnquintanaroo-knc6wmu.com\/index.php?rest_route=\/wp\/v2\/posts"}],"about":[{"href":"https:\/\/xn--huracnpolmicocancnquintanaroo-knc6wmu.com\/index.php?rest_route=\/wp\/v2\/types\/post"}],"author":[{"embeddable":true,"href":"https:\/\/xn--huracnpolmicocancnquintanaroo-knc6wmu.com\/index.php?rest_route=\/wp\/v2\/users\/1"}],"replies":[{"embeddable":true,"href":"https:\/\/xn--huracnpolmicocancnquintanaroo-knc6wmu.com\/index.php?rest_route=%2Fwp%2Fv2%2Fcomments&post=9070"}],"version-history":[{"count":1,"href":"https:\/\/xn--huracnpolmicocancnquintanaroo-knc6wmu.com\/index.php?rest_route=\/wp\/v2\/posts\/9070\/revisions"}],"predecessor-version":[{"id":9071,"href":"https:\/\/xn--huracnpolmicocancnquintanaroo-knc6wmu.com\/index.php?rest_route=\/wp\/v2\/posts\/9070\/revisions\/9071"}],"wp:featuredmedia":[{"embeddable":true,"href":"https:\/\/xn--huracnpolmicocancnquintanaroo-knc6wmu.com\/index.php?rest_route=\/wp\/v2\/media\/9072"}],"wp:attachment":[{"href":"https:\/\/xn--huracnpolmicocancnquintanaroo-knc6wmu.com\/index.php?rest_route=%2Fwp%2Fv2%2Fmedia&parent=9070"}],"wp:term":[{"taxonomy":"category","embeddable":true,"href":"https:\/\/xn--huracnpolmicocancnquintanaroo-knc6wmu.com\/index.php?rest_route=%2Fwp%2Fv2%2Fcategories&post=9070"},{"taxonomy":"post_tag","embeddable":true,"href":"https:\/\/xn--huracnpolmicocancnquintanaroo-knc6wmu.com\/index.php?rest_route=%2Fwp%2Fv2%2Ftags&post=9070"}],"curies":[{"name":"wp","href":"https:\/\/api.w.org\/{rel}","templated":true}]}}