{"id":9088,"date":"2022-09-30T16:44:06","date_gmt":"2022-09-30T21:44:06","guid":{"rendered":"https:\/\/xn--huracnpolmicocancnquintanaroo-knc6wmu.com\/?p=9088"},"modified":"2022-09-30T21:44:08","modified_gmt":"2022-09-30T21:44:08","slug":"klm-trae-de-regreso-sus-vuelos-de-temporada-a-cancun","status":"publish","type":"post","link":"https:\/\/xn--huracnpolmicocancnquintanaroo-knc6wmu.com\/?p=9088","title":{"rendered":"KLM trae de regreso sus vuelos de temporada a Canc\u00fan"},"content":{"rendered":"<p><strong>KLM<\/strong>\u00a0traer\u00e1 de regreso el servicio estacional entre \u00c1msterdam (AMS) y Canc\u00fan (CUN), el cual estar\u00e1 disponible desde el 18 de octubre hasta el 25 de marzo de 2023 con tres vuelos semanales inicialmente que pasar\u00e1n a cuatro en noviembre. De esta manera la aerol\u00ednea holandesa volver\u00e1 ofrecer\u00e1 dos destinos en el pa\u00eds azteca, complementando con la ruta a Ciudad de M\u00e9xico (MEX).<\/p>\n<p>KLM ingres\u00f3 al mercado del Caribe mexicano el invierno pasado como parte de la reestructuraci\u00f3n de la red intercontinental debido al cierre de fronteras de algunos pa\u00edses, para atender la oferta de destinos de sol y playa. La compa\u00f1\u00eda explor\u00f3 Canc\u00fan (CUN), ciudad que tambi\u00e9n atiende su aerol\u00ednea hermana Air France. Entre ambas tendr\u00e1n una oferta de 9.552 asientos semanales en el estado de Quintana Roo en 22 operaciones.<\/p>\n<p>De acuerdo con datos obtenidos por Aviacionline a trav\u00e9s de Agencia Federal de Aviaci\u00f3n Civil (AFAC) en el per\u00edodo de noviembre de 2021 hasta julio de 2022 se movilizaron 85.057 pasajeros y 559,5 toneladas de carga entre \u00c1msterdam (AMS) y Canc\u00fan (CUN) en 310 operaciones. KLM competir\u00e1 con el operador de ocio TUIfly Netherlands.<\/p>\n<h4><b>Itinerario de vuelo<\/b><\/h4>\n<ul>\n<li aria-level=\"1\">\u00c1msterdam \u2013 Canc\u00fan\u00a0<b>Vuelo KL 689\u00a0<\/b>AMS 12:40 \u2013 CUN 16:20\u00a0<i>martes, jueves, viernes y s\u00e1bado.<\/i><\/li>\n<li aria-level=\"1\">Canc\u00fan \u2013 \u00c1msterdam\u00a0<b>Vuelo KL 690\u00a0<\/b>CUN 18:20 \u2013 AMS 10:50+1\u00a0<i>martes, jueves, viernes y s\u00e1bado.<\/i>La ruta ser\u00e1 operada en aeronaves Boeing 777-200ER con 320 asientos en dos clases (34 Business Class\/286 Economy) y las tarifas se encuentran disponibles desde los USD 370 por trayecto. La aerol\u00ednea tendr\u00e1 una oferta de 3.264 asientos por semana en ruta en ocho operaciones. A partir de diciembre, KLM aumentar\u00e1 la capacidad en este servicio con la incorporaci\u00f3n del Boeing 777-300ER con 408 plazas en dos clases (34 Business Class\/374 Economy).\n<div class=\"td-a-ad id_inline_ad2 id_ad_content-horiz-center\">\n<p>Pa\u00edses Bajos en el quinto mercado europeo m\u00e1s importante en M\u00e9xico. Entre enero y agosto de 2022 se movilizaron 294.309 pasajeros con un factor de ocupaci\u00f3n del 86,8% en 1.195 vuelos, esto representa un aumento del 147,7% en comparaci\u00f3n del mismo per\u00edodo de 2021.<\/p>\n<p>KLM es el principal operador a\u00e9reo en el segmento entre M\u00e9xico y Pa\u00edses Bajos donde posee un 44,8% de la cuota del mercado, seg\u00fan indican estad\u00edsticas de la AFAC. La compa\u00f1\u00eda holandesa est\u00e9 a\u00f1o ha movilizado 154.025 pasajeros y 4.678,5 toneladas de carga en 582 vuelos. El pa\u00eds azteca ser\u00e1 el segundo mercado latinoamericano m\u00e1s grande de la compa\u00f1\u00eda solo por detr\u00e1s de Brasil.<\/p>\n<h4><b>Programaci\u00f3n de Air France \u2013 KLM en M\u00e9xico para el invierno boreal<\/b><\/h4>\n<p>De acuerdo con datos obtenidos por Aviacionline a trav\u00e9s de Cirium, el grupo franco \u2013 holand\u00e9s tendr\u00e1 una oferta de 20.786 asientos por semana en 60 operaciones hacia M\u00e9xico para la temporada de invierno boreal 2022\/2023, esto representa un aumento del 42% en comparaci\u00f3n al verano de este a\u00f1o.<\/p>\n<h6><b>Air France<\/b><\/h6>\n<ul>\n<li aria-level=\"1\">Par\u00eds (CDG) \u2013 Ciudad de M\u00e9xico (MEX): 12 vuelos semanales en Airbus A350-900 y Boeing 777-300ER de 4 clases.<\/li>\n<li aria-level=\"1\">Par\u00eds (CDG) \u2013 Canc\u00fan (CUN): vuelos diarios en Boeing 777-300ER de alta densidad.<\/li>\n<\/ul>\n<h6><b>KLM<\/b><\/h6>\n<ul>\n<li aria-level=\"1\">\u00c1msterdam (AMS) \u2013 Ciudad de M\u00e9xico (MEX): vuelos diarios en Boeing 787-9 Dreamliner.<\/li>\n<li aria-level=\"1\">\u00c1msterdam (AMS) \u2013 Canc\u00fan (CUN): cuatro vuelos semanales en Boeing 777-200ER\/-300ER.<\/li>\n<\/ul>\n<\/div>\n<\/li>\n<\/ul>\n","protected":false},"excerpt":{"rendered":"<p>KLM\u00a0traer\u00e1 de regreso el servicio estacional entre \u00c1msterdam (AMS) y Canc\u00fan (CUN), el cual estar\u00e1&#8230;<\/p>\n","protected":false},"author":1,"featured_media":9090,"comment_status":"open","ping_status":"closed","sticky":false,"template":"","format":"standard","meta":{"footnotes":""},"categories":[2,15,37],"tags":[],"class_list":["post-9088","post","type-post","status-publish","format-standard","has-post-thumbnail","hentry","category-local","category-politica","category-quintana-roo"],"_links":{"self":[{"href":"https:\/\/xn--huracnpolmicocancnquintanaroo-knc6wmu.com\/index.php?rest_route=\/wp\/v2\/posts\/9088","targetHints":{"allow":["GET"]}}],"collection":[{"href":"https:\/\/xn--huracnpolmicocancnquintanaroo-knc6wmu.com\/index.php?rest_route=\/wp\/v2\/posts"}],"about":[{"href":"https:\/\/xn--huracnpolmicocancnquintanaroo-knc6wmu.com\/index.php?rest_route=\/wp\/v2\/types\/post"}],"author":[{"embeddable":true,"href":"https:\/\/xn--huracnpolmicocancnquintanaroo-knc6wmu.com\/index.php?rest_route=\/wp\/v2\/users\/1"}],"replies":[{"embeddable":true,"href":"https:\/\/xn--huracnpolmicocancnquintanaroo-knc6wmu.com\/index.php?rest_route=%2Fwp%2Fv2%2Fcomments&post=9088"}],"version-history":[{"count":1,"href":"https:\/\/xn--huracnpolmicocancnquintanaroo-knc6wmu.com\/index.php?rest_route=\/wp\/v2\/posts\/9088\/revisions"}],"predecessor-version":[{"id":9089,"href":"https:\/\/xn--huracnpolmicocancnquintanaroo-knc6wmu.com\/index.php?rest_route=\/wp\/v2\/posts\/9088\/revisions\/9089"}],"wp:featuredmedia":[{"embeddable":true,"href":"https:\/\/xn--huracnpolmicocancnquintanaroo-knc6wmu.com\/index.php?rest_route=\/wp\/v2\/media\/9090"}],"wp:attachment":[{"href":"https:\/\/xn--huracnpolmicocancnquintanaroo-knc6wmu.com\/index.php?rest_route=%2Fwp%2Fv2%2Fmedia&parent=9088"}],"wp:term":[{"taxonomy":"category","embeddable":true,"href":"https:\/\/xn--huracnpolmicocancnquintanaroo-knc6wmu.com\/index.php?rest_route=%2Fwp%2Fv2%2Fcategories&post=9088"},{"taxonomy":"post_tag","embeddable":true,"href":"https:\/\/xn--huracnpolmicocancnquintanaroo-knc6wmu.com\/index.php?rest_route=%2Fwp%2Fv2%2Ftags&post=9088"}],"curies":[{"name":"wp","href":"https:\/\/api.w.org\/{rel}","templated":true}]}}