{"id":9205,"date":"2022-10-06T16:44:58","date_gmt":"2022-10-06T21:44:58","guid":{"rendered":"https:\/\/xn--huracnpolmicocancnquintanaroo-knc6wmu.com\/?p=9205"},"modified":"2022-10-06T21:45:01","modified_gmt":"2022-10-06T21:45:01","slug":"cancun-lufthansa-suma-2-vuelos-de-austrian-airlines-desde-viena","status":"publish","type":"post","link":"https:\/\/xn--huracnpolmicocancnquintanaroo-knc6wmu.com\/?p=9205","title":{"rendered":"Canc\u00fan: Lufthansa suma 2 vuelos de Austrian Airlines desde Viena"},"content":{"rendered":"<div class=\"post\">\n<p>De acuerdo con el nuevo director general para M\u00e9xico y Centroam\u00e9rica de Grupo Lufthansa, Alejandro Arias, la aerol\u00ednea est\u00e1 llegando ya a n\u00fameros pre covid en cuanto a capacidad en sus vuelos, sobre todo en los que mantiene a Canc\u00fan desde Zurich y Frankfurt, los cuales se reforzar\u00e1n con el regreso de Austrian Airlines (Canc\u00fan: Austrian retoma ruta tras 15 a\u00f1os y Edelweiss sumar\u00e1 vuelos).<\/p>\n<p>Esta aerol\u00ednea reanudar\u00e1 su vuelo de Viena a Canc\u00fan dos veces a la semana a partir del 20 de octubre, los jueves y domingos, en equipo Boeing 777-200 ER con 306 asientos en tres clases, el cual se extender\u00e1 hasta el 30 de abril de 2023. De esta manera, Austrian Airlines tendr\u00e1 una oferta de 1.224 asientos por semana en esta ruta, y ser\u00e1 Canc\u00fan el \u00fanico destino al que servir\u00e1 en M\u00e9xico.<\/p>\n<p>El directivo apunt\u00f3 que Lufthansa mantiene una conexi\u00f3n diaria a Frankfurt desde Ciudad de M\u00e9xico. As\u00ed mismo, destac\u00f3 que est\u00e1n trabajando para traer de regreso el vuelo de Munich a M\u00e9xico. Agreg\u00f3 que en un futuro quieren incrementar la presencia de Lufthansa en el pa\u00eds, sin embargo, por el momento est\u00e1n muy contentos con el desarrollo y la demanda que est\u00e1n viendo en M\u00e9xico.<\/p>\n<p>Coment\u00f3 que el nuevo Aeropuerto de Santa Luc\u00eda (AIFA) es un proyecto muy importante para M\u00e9xico, el cual espera se desarrolle y consolide en muy corto tiempo para que Lufthansa se pueda mudar hacia all\u00e1. \u201cNo es viable en este momento, ni es el momento adecuado para Lufthansa\u201d, dijo, al precisar que necesitan la conectividad que les ofrece el Aeropuerto Internacional de la Ciudad de M\u00e9xico.<\/p>\n<p>\u201cVemos a M\u00e9xico no solo como un destino m\u00e1s, sino como un Hub, necesitamos la conectividad con otras ciudades, m\u00e1s all\u00e1 de Ciudad de M\u00e9xico, a pa\u00edses latinoamericanos, y por el momento el AIFA no nos ofrece esa conectividad que necesitamos, vamos a ver como se desarrolla m\u00e1s adelante\u201d, dijo por \u00faltimo el directivo de Lufthansa en M\u00e9xico.<\/p>\n<\/div>\n","protected":false},"excerpt":{"rendered":"<p>De acuerdo con el nuevo director general para M\u00e9xico y Centroam\u00e9rica de Grupo Lufthansa, Alejandro&#8230;<\/p>\n","protected":false},"author":1,"featured_media":9207,"comment_status":"open","ping_status":"closed","sticky":false,"template":"","format":"standard","meta":{"footnotes":""},"categories":[2,37],"tags":[],"class_list":["post-9205","post","type-post","status-publish","format-standard","has-post-thumbnail","hentry","category-local","category-quintana-roo"],"_links":{"self":[{"href":"https:\/\/xn--huracnpolmicocancnquintanaroo-knc6wmu.com\/index.php?rest_route=\/wp\/v2\/posts\/9205","targetHints":{"allow":["GET"]}}],"collection":[{"href":"https:\/\/xn--huracnpolmicocancnquintanaroo-knc6wmu.com\/index.php?rest_route=\/wp\/v2\/posts"}],"about":[{"href":"https:\/\/xn--huracnpolmicocancnquintanaroo-knc6wmu.com\/index.php?rest_route=\/wp\/v2\/types\/post"}],"author":[{"embeddable":true,"href":"https:\/\/xn--huracnpolmicocancnquintanaroo-knc6wmu.com\/index.php?rest_route=\/wp\/v2\/users\/1"}],"replies":[{"embeddable":true,"href":"https:\/\/xn--huracnpolmicocancnquintanaroo-knc6wmu.com\/index.php?rest_route=%2Fwp%2Fv2%2Fcomments&post=9205"}],"version-history":[{"count":1,"href":"https:\/\/xn--huracnpolmicocancnquintanaroo-knc6wmu.com\/index.php?rest_route=\/wp\/v2\/posts\/9205\/revisions"}],"predecessor-version":[{"id":9206,"href":"https:\/\/xn--huracnpolmicocancnquintanaroo-knc6wmu.com\/index.php?rest_route=\/wp\/v2\/posts\/9205\/revisions\/9206"}],"wp:featuredmedia":[{"embeddable":true,"href":"https:\/\/xn--huracnpolmicocancnquintanaroo-knc6wmu.com\/index.php?rest_route=\/wp\/v2\/media\/9207"}],"wp:attachment":[{"href":"https:\/\/xn--huracnpolmicocancnquintanaroo-knc6wmu.com\/index.php?rest_route=%2Fwp%2Fv2%2Fmedia&parent=9205"}],"wp:term":[{"taxonomy":"category","embeddable":true,"href":"https:\/\/xn--huracnpolmicocancnquintanaroo-knc6wmu.com\/index.php?rest_route=%2Fwp%2Fv2%2Fcategories&post=9205"},{"taxonomy":"post_tag","embeddable":true,"href":"https:\/\/xn--huracnpolmicocancnquintanaroo-knc6wmu.com\/index.php?rest_route=%2Fwp%2Fv2%2Ftags&post=9205"}],"curies":[{"name":"wp","href":"https:\/\/api.w.org\/{rel}","templated":true}]}}