{"id":9229,"date":"2022-10-07T16:23:03","date_gmt":"2022-10-07T21:23:03","guid":{"rendered":"https:\/\/xn--huracnpolmicocancnquintanaroo-knc6wmu.com\/?p=9229"},"modified":"2022-10-07T21:23:06","modified_gmt":"2022-10-07T21:23:06","slug":"pidio-inm-que-marina-se-encargara-de-migracion-en-aeropuerto-de-cancun","status":"publish","type":"post","link":"https:\/\/xn--huracnpolmicocancnquintanaroo-knc6wmu.com\/?p=9229","title":{"rendered":"Pidi\u00f3 INM que Marina se encargara de Migraci\u00f3n en aeropuerto de Canc\u00fan"},"content":{"rendered":"<div class=\"jsx-1778878049 \">\n<h4 style=\"text-align: center;\">Esta semana se anunci\u00f3 que en los pr\u00f3ximos d\u00edas la Marina se encargar\u00e1 del \u00e1rea de Migraci\u00f3n del Aeropuerto Internacional de la Ciudad de M\u00e9xico.<\/h4>\n<p class=\"jsx-3954459878\">Documentos hackeados a la Sedena por el autodenominado grupo Guacamaya, han evidenciado que la militarizaci\u00f3n de la migraci\u00f3n no s\u00f3lo se ha dado a lo largo de las fronteras terrestres del pa\u00eds, pues seg\u00fan comunicaciones, ha sido el propio Instituto Nacional de Migraci\u00f3n (INM) quien ha cedido el control de algunos aeropuertos; situaci\u00f3n que incluso gener\u00f3 conflictos entre los titulares de la Sedena y Semar.<\/p>\n<p class=\"jsx-3954459878\">Fue el 2 de junio de este a\u00f1o cuando a trav\u00e9s de un escrito dirigido al secretario de Marina, el almirante Rafael Ojeda, el titular del INM, Francisco Gardu\u00f1o Y\u00e1\u00f1ez, solicit\u00f3 que la Secretar\u00eda de Marina (Semar) replicar el modelo de gesti\u00f3n de la migraci\u00f3n implementado en el Aeropuerto Internacional de la Ciudad de M\u00e9xico (AICM), en el Aeropuerto Internacional de Canc\u00fan. Posteriormente, el propio presidente ordenar\u00eda lo mismo para el aeropuerto de los Cabos, en Baja California Sur.<\/p>\n<p class=\"jsx-3954459878\">Cabe se\u00f1alar que, desde febrero de este a\u00f1o, por instrucciones del presidente Andr\u00e9s Manuel L\u00f3pez Obrador, y como parte de la Estrategia de Seguridad Aeroportuaria Integral, la Semar hab\u00eda colaborado con el INM en las tareas de seguridad en el AICM, sin embargo, hace unos d\u00edas se hizo oficial que dicha dependencia se encargar\u00e1 por completo del control migratorio de esta terminal a\u00e9rea.<\/p>\n<p class=\"jsx-3954459878\">En la solicitud filtrada por Guacamaya, el titular del INM realiz\u00f3 tal petici\u00f3n en el marco del mecanismo de coordinaci\u00f3n entre ambas dependencias tanto a nivel terrestre como en los Aeropuertos Internacionales y el cual fue ordenado por el mandatario mexicano.<\/p>\n<p class=\"jsx-3954459878\">Al respecto, Gardu\u00f1o Y\u00e1\u00f1ez pidi\u00f3 a la Semar designar a un elemento de la Semar como titular del Aeropuerto Internacional de Canc\u00fan, as\u00ed como tres elementos para cada terminal a\u00e9rea.<\/p>\n<h2 class=\"jsx-1282840227\">El conflicto<\/h2>\n<p class=\"jsx-3954459878\">Misivas filtradas dan cuenta c\u00f3mo el control migratorio del Aeropuerto Internacional de Canc\u00fan fue motivo de conflicto entre el secretario de Marina, el almirante Rafael Ojeda, y el secretario de la Defensa, general Luis Crescencio Sandoval, ello luego de que el Ej\u00e9rcito negara el acceso a este aeropuerto a elementos navales.<\/p>\n<p class=\"jsx-3954459878\">A trav\u00e9s de una misiva del 17 de junio, el titular de la Sedena \u201creclam\u00f3\u201d a su hom\u00f3logo de la Marina que personal naval acudi\u00f3 el 14 de junio a dicho aeropuerto argumentando que el presidente de la Rep\u00fablica les hab\u00eda instruido hacerse cargo del control de la terminal a partir del segundo semestre de este a\u00f1o.<\/p>\n<p class=\"jsx-3954459878\">En la carta, el general Luis Crescencio Sandoval detalla que, al no tener conocimiento al respecto, el responsable de la seguridad del aeropuerto internacional de Canc\u00fan, le indic\u00f3 a un capit\u00e1n naval no tener conocimiento de las instrucciones presidenciales, por lo que no le era posible darle las facilidades para realizar trabajos de campo.<\/p>\n<p class=\"jsx-3954459878\">Adem\u00e1s, a\u00f1adi\u00f3 que el 16 de junio, el capit\u00e1n nuevamente se present\u00f3 en el aeropuerto acompa\u00f1ado por un contralmirante, ambos vestidos de civiles, para entrevistarse con el administrador del aeropuerto.<\/p>\n<p class=\"jsx-3954459878\">Asimismo, el titular de la Sedena indic\u00f3 que dicha situaci\u00f3n fue comentada al presidente L\u00f3pez Obrador, \u201cquien me instruy\u00f3 para que desde luego se lleven a cabo las acciones necesarias para que la Sedena asuma el control de la seguridad, migraci\u00f3n y aduana, de los aeropuertos Internacionales de Canc\u00fan y de los Cabos, B.C.S\u201d.<\/p>\n<p class=\"jsx-3954459878\">El general Luis Crescencio Sandoval expres\u00f3: \u201cEn tal sentido, agradecer\u00e9 que en caso de que personal perteneciente a esa Secretar\u00eda de Estado (Semar) requiera realizar trabajos o alguna actividad en instalaciones a cargo de esta dependencia, se coordine previamente a fin de que se le proporcionen las facilidades\u201d.<\/p>\n<p class=\"jsx-3954459878\">En respuesta, el 22 de junio de este a\u00f1o, el secretario de Marina, el almirante Rafael Ojeda, aclar\u00f3 que su dependencia no tiene inter\u00e9s en tener el control de la seguridad aeroportuaria, ya que \u00fanicamente ser\u00eda el tema de migraci\u00f3n por petici\u00f3n del INM.<\/p>\n<p class=\"jsx-3954459878\">Al tiempo que sostuvo que su dependencia no busca protagonismo ni retar en la materia.<\/p>\n<p class=\"jsx-3954459878\">\u201cPor otra parte entiendo que esa secretar\u00eda (Sedena) cuenta con mayor cantidad de recursos humanos que la Semar.<\/p>\n<blockquote class=\"jsx-2464929417\">\n<p class=\"jsx-3954459878\">Es por ello que (hago) hincapi\u00e9 que esto no es cuesti\u00f3n de n\u00fameros, si no de coordinaci\u00f3n entre instituciones, siempre respetando nuestras \u00e1reas de competencia y comisiones, que bien tenga asignarnos el mando supremo o bien solicitud de gobernadores o presidentes municipales, nunca con la intenci\u00f3n de buscar protagonismos\u201d, se subray\u00f3 en la misiva firmada por el titular de la Semar.<\/p>\n<\/blockquote>\n<h2 class=\"jsx-1282840227\">Arrestan a mandos del Ej\u00e9rcito por no llenar vacantes civiles<\/h2>\n<p class=\"jsx-3954459878\">El no cumplir a cabalidad con el reclutamiento de personal civil para los batallones, les ha costado d\u00edas de arresto a diversos mandos de la Sedena, muestran los documentos filtrados por el grupo Guacamaya.<\/p>\n<p class=\"jsx-3954459878\">\u201cLa omisi\u00f3n en el cumplimiento del reclutamiento denota displicencia y falta de acciones eficaces, escaso inter\u00e9s y poco profesionalismo en los diferentes niveles de mando que tienen injerencia en la captaci\u00f3n de personal civil, terna prioritario para el Comandante Supremo de las Fuerzas Armadas\u201d, advierte un escrito \u201cextraurgente\u201d girado en mayo pasado a diversos comandantes de las brigadas y batallones de todo el pa\u00eds.<\/p>\n<p class=\"jsx-3954459878\">Algunos ejemplos de las \u201comisiones\u201d en el reclutamiento de personal civil que les han causado sanciones de arresto a comandantes est\u00e1n la falta de s\u00f3lo 68 elementos de los 390 que necesitaba el 2\/o batall\u00f3n de la Polic\u00eda Militar, al igual que la falta de 56 y 74 personas en el 3\/er y 22\/o batall\u00f3n, quienes ya hab\u00edan reclutado a 334 y 316 elementos que les faltaban.<\/p>\n<p class=\"jsx-3954459878\">Asimismo, algunos mandos que quedaron advertidos \u00fanicamente les hac\u00edan falta entre nueve y seis plazas por cubrir.<\/p>\n<p class=\"jsx-3954459878\">Seg\u00fan el documento filtrado, mientras a algunos comandantes son felicitados \u201cpor mantener cubiertas la totalidad de sus vacantes org\u00e1nicas, lo cual refleja disposici\u00f3n, responsabilidad, profesionalismo e inter\u00e9s en el cumplimiento de las \u00f3rdenes giradas por la superioridad\u201d.<\/p>\n<p class=\"jsx-3954459878\">A otros se les ha ordenado imponer \u201cun correctivo disciplinario consistente en un arresto\u201d, seg\u00fan se indica debidamente fundado y motivado en las Leyes y Reglamentos Militares, \u201cpor no tomar las acciones de mando necesarias que permitieran captar personal civil para cubrir la totalidad de sus vacantes org\u00e1nicas, reflejando poco profesionalismo y falta de inter\u00e9s en \u00e9l cumplimiento de las \u00f3rdenes giradas por la superioridad; toda vez que, son los responsables directos de mantener sus efectivos org\u00e1nicos completos\u201d.<\/p>\n<\/div>\n<div class=\"jsx-1921398030 newsbody\">\n<div class=\"jsx-670345696 share fixed\">\n<div class=\"jsx-670345696 \"><\/div>\n<\/div>\n<div class=\"jsx-1921398030\">\n<div>\n<div data-luna-player=\"\" data-luna-player-lang=\"es\" data-luna-player-post=\"https:\/\/www.eleconomista.com.mx\/politica\/Pidio-INM-que-Marina-se-encargara-de-Migracion-en-aeropuerto-de-Cancun-20221007-0002.html\">\n<div class=\"player_wrapper big\">\n<div class=\"player_container\">\n<div class=\"player_container_main\">\n<div class=\"player_controll_btn not_playing\">\n<div class=\"play\"><\/div>\n<\/div>\n<div class=\"player_track_content\">\n<div class=\"player_track_content__header\"><\/div>\n<\/div>\n<\/div>\n<\/div>\n<\/div>\n<\/div>\n<\/div>\n<\/div>\n<\/div>\n","protected":false},"excerpt":{"rendered":"<p>Esta semana se anunci\u00f3 que en los pr\u00f3ximos d\u00edas la Marina se encargar\u00e1 del \u00e1rea&#8230;<\/p>\n","protected":false},"author":1,"featured_media":9231,"comment_status":"open","ping_status":"closed","sticky":false,"template":"","format":"standard","meta":{"footnotes":""},"categories":[2,15,37,18],"tags":[],"class_list":["post-9229","post","type-post","status-publish","format-standard","has-post-thumbnail","hentry","category-local","category-politica","category-quintana-roo","category-tecnologia"],"_links":{"self":[{"href":"https:\/\/xn--huracnpolmicocancnquintanaroo-knc6wmu.com\/index.php?rest_route=\/wp\/v2\/posts\/9229","targetHints":{"allow":["GET"]}}],"collection":[{"href":"https:\/\/xn--huracnpolmicocancnquintanaroo-knc6wmu.com\/index.php?rest_route=\/wp\/v2\/posts"}],"about":[{"href":"https:\/\/xn--huracnpolmicocancnquintanaroo-knc6wmu.com\/index.php?rest_route=\/wp\/v2\/types\/post"}],"author":[{"embeddable":true,"href":"https:\/\/xn--huracnpolmicocancnquintanaroo-knc6wmu.com\/index.php?rest_route=\/wp\/v2\/users\/1"}],"replies":[{"embeddable":true,"href":"https:\/\/xn--huracnpolmicocancnquintanaroo-knc6wmu.com\/index.php?rest_route=%2Fwp%2Fv2%2Fcomments&post=9229"}],"version-history":[{"count":1,"href":"https:\/\/xn--huracnpolmicocancnquintanaroo-knc6wmu.com\/index.php?rest_route=\/wp\/v2\/posts\/9229\/revisions"}],"predecessor-version":[{"id":9230,"href":"https:\/\/xn--huracnpolmicocancnquintanaroo-knc6wmu.com\/index.php?rest_route=\/wp\/v2\/posts\/9229\/revisions\/9230"}],"wp:featuredmedia":[{"embeddable":true,"href":"https:\/\/xn--huracnpolmicocancnquintanaroo-knc6wmu.com\/index.php?rest_route=\/wp\/v2\/media\/9231"}],"wp:attachment":[{"href":"https:\/\/xn--huracnpolmicocancnquintanaroo-knc6wmu.com\/index.php?rest_route=%2Fwp%2Fv2%2Fmedia&parent=9229"}],"wp:term":[{"taxonomy":"category","embeddable":true,"href":"https:\/\/xn--huracnpolmicocancnquintanaroo-knc6wmu.com\/index.php?rest_route=%2Fwp%2Fv2%2Fcategories&post=9229"},{"taxonomy":"post_tag","embeddable":true,"href":"https:\/\/xn--huracnpolmicocancnquintanaroo-knc6wmu.com\/index.php?rest_route=%2Fwp%2Fv2%2Ftags&post=9229"}],"curies":[{"name":"wp","href":"https:\/\/api.w.org\/{rel}","templated":true}]}}