{"id":9232,"date":"2022-10-07T16:42:43","date_gmt":"2022-10-07T21:42:43","guid":{"rendered":"https:\/\/xn--huracnpolmicocancnquintanaroo-knc6wmu.com\/?p=9232"},"modified":"2022-10-07T21:42:46","modified_gmt":"2022-10-07T21:42:46","slug":"agradece-rafael-guerra-a-claudia-sheinbaum-para-avanzar-en-justicia-laboral","status":"publish","type":"post","link":"https:\/\/xn--huracnpolmicocancnquintanaroo-knc6wmu.com\/?p=9232","title":{"rendered":"Agradece Rafael Guerra a Claudia Sheinbaum para avanzar en justicia laboral"},"content":{"rendered":"<p>Al informar que, a dos d\u00edas de la entrada en vigor de la justicia laboral a cargo del Poder Judicial de la Ciudad de M\u00e9xico (PJCDMX), han ingresado ya 10 demandas, el presidente del \u00f3rgano judicial, magistrado Rafael Guerra \u00c1lvarez, enfatiz\u00f3 que los impartidores de justicia ser\u00e1n muy puntuales con los t\u00e9rminos, como el que se establece de seis meses para la resoluci\u00f3n de los conflictos.<\/p>\n<p>En conferencia de prensa encabezada por la jefa de gobierno, Claudia Sheinbaum Pardo, agradeci\u00f3 a la mandataria el apoyo brindado al \u00f3rgano judicial capitalino para la implementaci\u00f3n de los tribunales laborales, pero tambi\u00e9n, con antelaci\u00f3n, de la Sala Constitucional y de los juzgados de tutela de derechos humanos.<\/p>\n<p>\u201cCon el apoyo que hemos tenido de la doctora Claudia Sheinbaum, hemos avanzado totalmente con las competencias, y hemos cumplido puntualmente con las disposiciones constitucionales que le han atribuido al Poder Judicial, en este caso la justicia laboral\u201d, destac\u00f3.<\/p>\n<p>Luego de que Sheinbaum Pardo destac\u00f3 que el modelo de justicia laboral en vigor desde el lunes pasado en la capital del pa\u00eds plantea como prioridad la conciliaci\u00f3n entre las partes, el magistrado precis\u00f3 que, previo al juicio oral, los centros de conciliaci\u00f3n laboral tendr\u00e1n que cumplir tambi\u00e9n el plazo de 45 d\u00edas para tratar de arribar a un acuerdo entre las partes. Con la presencia de la secretaria del Trabajo y Previsi\u00f3n Social del Gobierno de M\u00e9xico, Luisa Mar\u00eda Alcalde Luj\u00e1n, y del secretario del ramo de la administraci\u00f3n capitalina, Jos\u00e9 Rodr\u00edguez D\u00edaz de Le\u00f3n, Guerra \u00c1lvarez tambi\u00e9n destac\u00f3 la importancia de la oralidad para abatir la corrupci\u00f3n, al recordar que, en las materias familiar, penal y civil, donde ya operaba, se ha reducido ese fen\u00f3meno.<\/p>\n<p>En el Antiguo Palacio del Ayuntamiento, precis\u00f3 que las demandas laborales ingresadas hasta ahora al PJCDMX, tienen que ver con asuntos en los que no se requiere que pasen obligatoriamente por los centros de conciliaci\u00f3n laboral, tales como pago de indemnizaci\u00f3n por muerte, designaci\u00f3n de beneficiarios, discriminaci\u00f3n por embarazo, despido injustificado, entre otros.<\/p>\n<p>El magistrado record\u00f3 que, a partir del lunes pasado, entraron en operaci\u00f3n 10 tribunales laborales, nueve para conocer conflictos de car\u00e1cter individual, y uno de car\u00e1cter colectivo; sobre este \u00faltimo, subray\u00f3 que est\u00e1 a disposici\u00f3n de los justiciables las 24 horas del d\u00eda, los 365 d\u00edas del a\u00f1o, para casos relativos a emplazamientos a huelga.<\/p>\n<div class=\"jeg_ad jeg_ad_article jnews_content_inline_ads  \">\n<div class=\"ads-wrapper align-center \">\n<div class=\"ads_google_ads\">\n<p>Asimismo, mencion\u00f3 que los diez nuevos jueces de la materia laboral se suman a los 369 ya existentes de las otras materias, y que los 110 empleados administrativos y especializados adscritos a los nuevos tribunales se suman a los 11, 854 trabajadores de la plantilla del \u00f3rgano judicial capitalino.<\/p>\n<\/div>\n<\/div>\n<\/div>\n","protected":false},"excerpt":{"rendered":"<p>Al informar que, a dos d\u00edas de la entrada en vigor de la justicia laboral&#8230;<\/p>\n","protected":false},"author":1,"featured_media":9234,"comment_status":"open","ping_status":"closed","sticky":false,"template":"","format":"standard","meta":{"footnotes":""},"categories":[12,15],"tags":[],"class_list":["post-9232","post","type-post","status-publish","format-standard","has-post-thumbnail","hentry","category-nacional","category-politica"],"_links":{"self":[{"href":"https:\/\/xn--huracnpolmicocancnquintanaroo-knc6wmu.com\/index.php?rest_route=\/wp\/v2\/posts\/9232","targetHints":{"allow":["GET"]}}],"collection":[{"href":"https:\/\/xn--huracnpolmicocancnquintanaroo-knc6wmu.com\/index.php?rest_route=\/wp\/v2\/posts"}],"about":[{"href":"https:\/\/xn--huracnpolmicocancnquintanaroo-knc6wmu.com\/index.php?rest_route=\/wp\/v2\/types\/post"}],"author":[{"embeddable":true,"href":"https:\/\/xn--huracnpolmicocancnquintanaroo-knc6wmu.com\/index.php?rest_route=\/wp\/v2\/users\/1"}],"replies":[{"embeddable":true,"href":"https:\/\/xn--huracnpolmicocancnquintanaroo-knc6wmu.com\/index.php?rest_route=%2Fwp%2Fv2%2Fcomments&post=9232"}],"version-history":[{"count":1,"href":"https:\/\/xn--huracnpolmicocancnquintanaroo-knc6wmu.com\/index.php?rest_route=\/wp\/v2\/posts\/9232\/revisions"}],"predecessor-version":[{"id":9233,"href":"https:\/\/xn--huracnpolmicocancnquintanaroo-knc6wmu.com\/index.php?rest_route=\/wp\/v2\/posts\/9232\/revisions\/9233"}],"wp:featuredmedia":[{"embeddable":true,"href":"https:\/\/xn--huracnpolmicocancnquintanaroo-knc6wmu.com\/index.php?rest_route=\/wp\/v2\/media\/9234"}],"wp:attachment":[{"href":"https:\/\/xn--huracnpolmicocancnquintanaroo-knc6wmu.com\/index.php?rest_route=%2Fwp%2Fv2%2Fmedia&parent=9232"}],"wp:term":[{"taxonomy":"category","embeddable":true,"href":"https:\/\/xn--huracnpolmicocancnquintanaroo-knc6wmu.com\/index.php?rest_route=%2Fwp%2Fv2%2Fcategories&post=9232"},{"taxonomy":"post_tag","embeddable":true,"href":"https:\/\/xn--huracnpolmicocancnquintanaroo-knc6wmu.com\/index.php?rest_route=%2Fwp%2Fv2%2Ftags&post=9232"}],"curies":[{"name":"wp","href":"https:\/\/api.w.org\/{rel}","templated":true}]}}