{"id":9346,"date":"2022-10-14T15:32:47","date_gmt":"2022-10-14T20:32:47","guid":{"rendered":"https:\/\/xn--huracnpolmicocancnquintanaroo-knc6wmu.com\/?p=9346"},"modified":"2022-10-14T20:33:04","modified_gmt":"2022-10-14T20:33:04","slug":"mexico-pide-a-estados-unidos-mano-dura-para-frenar-el-trafico-de-armas-estadounidenses","status":"publish","type":"post","link":"https:\/\/xn--huracnpolmicocancnquintanaroo-knc6wmu.com\/?p=9346","title":{"rendered":"M\u00e9xico pide a Estados Unidos mano dura para frenar el tr\u00e1fico de armas estadounidenses"},"content":{"rendered":"<p>Menos\u00a0<strong>armas<\/strong>\u00a0estadounidenses en\u00a0<strong>M\u00e9xico<\/strong>, y menos\u00a0<strong>drogas<\/strong>\u00a0sint\u00e9ticas mexicanas en\u00a0<strong>Estados Unidos<\/strong>.<\/p>\n<p>Ambos pa\u00edses han acordado en Washington impulsar su colaboraci\u00f3n en el marco del Entendimiento Bicentenario, con un triple objetivo: reducir el\u00a0<strong>crimen organizado<\/strong>, frenar el tr\u00e1fico de drogas, y limitar la llegada de migrantes venezolanos.<\/p>\n<p>M\u00e9xico cifra en\u00a0<strong>32 000 las armas decomisadas<\/strong> el a\u00f1o pasado entre los dos pa\u00edses, y se calcula que m\u00e1s de dos tercios de los 33 000 homicidios registrados en M\u00e9xico en los \u00faltimos doce meses fueron causados por armas de fuego.<\/p>\n<p><strong>&#8220;Como se ve en nuestro mapa, esta es la pandemia de armas que tenemos en M\u00e9xico, y estos son los municipios de Estados Unidos, donde se venden esas armas, los que est\u00e1n en color rojo. \u00bfPor qu\u00e9 valoramos tanto el apoyo y queremos agradecerlo en el d\u00eda de hoy? Y lo vamos a seguir agradeciendo el a\u00f1o entrante para que logremos reducir esto. Si logramos reducir esto la violencia en M\u00e9xico va a seguir bajando&#8221;<\/strong>, explic\u00f3 el Ministro de Exteriores mexicano, Marcelo Ebrard.<\/p>\n<p data-min-tv-running=\"true\">Y respecto a la\u00a0<strong>migraci\u00f3n<\/strong>\u00a0venezolana, el secretario de Estado de Seguridad Nacional estadounidense dijo:<\/p>\n<p><strong>&#8220;Hemos anunciado medidas adicionales para reducir el n\u00famero de personas que llegan irregularmente a nuestra frontera sur y crear un mecanismo m\u00e1s ordenador, seguro y humano para quienes huyen de la crisis econ\u00f3mica y humanitaria en Venezuela. Aquellos que intenten cruzar ilegalmente la frontera sur de Estados Unidos, ser\u00e1n deportados&#8221;<\/strong>, se\u00f1al\u00f3 Alejandro Mayorkas.<\/p>\n<p>El plan estadounidense prev\u00e9 que tengan un\u00a0<strong>estatus temporal<\/strong>\u00a0de dos a\u00f1os como el concedido a los ucranianos, ofreciendo unos\u00a0<strong>24 000 visados<\/strong> para venezolanos.<\/p>\n<p>Sin embargo, las\u00a0<strong>primeras deportaciones<\/strong>\u00a0se produc\u00edan este mismo jueves en el puesto fronterizo de El Paso.\u00a0Unos 300 migrantes fueron devueltos a territorio mexicano, ante la desesperaci\u00f3n de quienes llevan mucho tiempo esperando en Ciudad Ju\u00e1rez para cruzar la frontera.<\/p>\n<p>Leoneti Castillo es uno de los deportados:\u00a0<strong>&#8220;Entr\u00e9 aqu\u00ed a Estados Unidos, nos regresaron, no nos dieron respuesta. Nos tomaron una huella y unas fotos y nos sacaron por el puente otra vez, como v\u00e1yanse a su casa, otra vez&#8221;<\/strong>, comenta.<\/p>\n<p>La noticia cay\u00f3 como un jarro de agua fr\u00eda para los venezolanos que siguen en pa\u00edses como Colombia, preparando el viaje hacia Estados Unidos, v\u00eda Panam\u00e1.<\/p>\n","protected":false},"excerpt":{"rendered":"<p>Menos\u00a0armas\u00a0estadounidenses en\u00a0M\u00e9xico, y menos\u00a0drogas\u00a0sint\u00e9ticas mexicanas en\u00a0Estados Unidos. Ambos pa\u00edses han acordado en Washington impulsar su&#8230;<\/p>\n","protected":false},"author":1,"featured_media":9348,"comment_status":"open","ping_status":"closed","sticky":false,"template":"","format":"standard","meta":{"footnotes":""},"categories":[11,12,15],"tags":[],"class_list":["post-9346","post","type-post","status-publish","format-standard","has-post-thumbnail","hentry","category-internacional","category-nacional","category-politica"],"_links":{"self":[{"href":"https:\/\/xn--huracnpolmicocancnquintanaroo-knc6wmu.com\/index.php?rest_route=\/wp\/v2\/posts\/9346","targetHints":{"allow":["GET"]}}],"collection":[{"href":"https:\/\/xn--huracnpolmicocancnquintanaroo-knc6wmu.com\/index.php?rest_route=\/wp\/v2\/posts"}],"about":[{"href":"https:\/\/xn--huracnpolmicocancnquintanaroo-knc6wmu.com\/index.php?rest_route=\/wp\/v2\/types\/post"}],"author":[{"embeddable":true,"href":"https:\/\/xn--huracnpolmicocancnquintanaroo-knc6wmu.com\/index.php?rest_route=\/wp\/v2\/users\/1"}],"replies":[{"embeddable":true,"href":"https:\/\/xn--huracnpolmicocancnquintanaroo-knc6wmu.com\/index.php?rest_route=%2Fwp%2Fv2%2Fcomments&post=9346"}],"version-history":[{"count":1,"href":"https:\/\/xn--huracnpolmicocancnquintanaroo-knc6wmu.com\/index.php?rest_route=\/wp\/v2\/posts\/9346\/revisions"}],"predecessor-version":[{"id":9347,"href":"https:\/\/xn--huracnpolmicocancnquintanaroo-knc6wmu.com\/index.php?rest_route=\/wp\/v2\/posts\/9346\/revisions\/9347"}],"wp:featuredmedia":[{"embeddable":true,"href":"https:\/\/xn--huracnpolmicocancnquintanaroo-knc6wmu.com\/index.php?rest_route=\/wp\/v2\/media\/9348"}],"wp:attachment":[{"href":"https:\/\/xn--huracnpolmicocancnquintanaroo-knc6wmu.com\/index.php?rest_route=%2Fwp%2Fv2%2Fmedia&parent=9346"}],"wp:term":[{"taxonomy":"category","embeddable":true,"href":"https:\/\/xn--huracnpolmicocancnquintanaroo-knc6wmu.com\/index.php?rest_route=%2Fwp%2Fv2%2Fcategories&post=9346"},{"taxonomy":"post_tag","embeddable":true,"href":"https:\/\/xn--huracnpolmicocancnquintanaroo-knc6wmu.com\/index.php?rest_route=%2Fwp%2Fv2%2Ftags&post=9346"}],"curies":[{"name":"wp","href":"https:\/\/api.w.org\/{rel}","templated":true}]}}