{"id":9364,"date":"2022-10-14T16:08:49","date_gmt":"2022-10-14T21:08:49","guid":{"rendered":"https:\/\/xn--huracnpolmicocancnquintanaroo-knc6wmu.com\/?p=9364"},"modified":"2022-10-14T21:08:51","modified_gmt":"2022-10-14T21:08:51","slug":"sheinbaum-envia-mensaje-de-amistad-a-gobernadores-de-baja-california-y-yucatan","status":"publish","type":"post","link":"https:\/\/xn--huracnpolmicocancnquintanaroo-knc6wmu.com\/?p=9364","title":{"rendered":"Sheinbaum env\u00eda mensaje de amistad a gobernadores de Baja California y Yucat\u00e1n"},"content":{"rendered":"<header class=\"main-article--header\">\n<h4 class=\"bajada\" style=\"text-align: center;\">La Convenci\u00f3n Nacional Index XLVII tuvo una mesa donde participaron Claudia Sheinbaum, Marina Del Pilar \u00c1vila y Mauricio Vila<\/h4>\n<\/header>\n<div class=\"main-article--autor\">\n<p>Este viernes se llev\u00f3 a cabo la edici\u00f3n 47 de la\u00a0<strong>Convenci\u00f3n Nacional Index<\/strong>\u00a0en la Ciudad de M\u00e9xico, un encuentro con con mujeres y hombres l\u00edderes, tomadores de decisiones en empresas y manufactureras, inversionistas, entre otros, donde se cont\u00f3 con la participaci\u00f3n de la jefa de Gobierno capitalino,\u00a0<strong>Claudia Sheinbaum<\/strong>, quien comparti\u00f3 una mesa de conversaci\u00f3n con los\u00a0<strong>gobernadores<\/strong>\u00a0de\u00a0<strong>Baja California<\/strong>\u00a0y de<strong>\u00a0Yucat\u00e1n<\/strong>.<\/p>\n<p>Aprovechando el encuentro, la<strong>\u00a0Dra Sheinbaum Pardo<\/strong>\u00a0fue captada en una fotograf\u00eda que public\u00f3 en sus redes sociales, la cual acompa\u00f1\u00f3 con unas palabras de amistad: \u201cDe pen\u00ednsula a pen\u00ednsula, me da mucho gusto ver a\u00a0<strong>mis amig@s y compa\u00f1er@s de Baja California y Yucat\u00e1n<\/strong>\u201d, mencion\u00f3 la mandataria refiri\u00e9ndose a la gobernadora\u00a0<strong>Marina del Pilar \u00c1vila<\/strong>\u00a0y al Ejecutivo estatal\u00a0<strong>Mauricio Vila<\/strong>.<\/p>\n<p>Por su parte,<strong>\u00a0Del Pilar \u00c1vila<\/strong>\u00a0public\u00f3 una serie de fotograf\u00edas donde se ve sonriente junto a Sheinbaum. El posteo lo acompa\u00f1\u00f3 con el siguiente escrito: \u201cEs un honor ser invitada por los principales industriales de M\u00e9xico a este di\u00e1logo junto a la Jefa de Gobierno de Ciudad de M\u00e9xico,\u00a0<strong>@claudia_shein<\/strong>, y el Gobernador de Yucat\u00e1n,\u00a0<strong>@mauvila<\/strong>, para presentar a empresarios nacionales y extranjeros las\u00a0<strong>ventajas de producir en Baja California<\/strong>\u201d.<\/p>\n<div class=\"content-banner\">\n<h2>Gobernadores aplauden trabajo de Sheinbaum<\/h2>\n<p>Durante el encuentro\u00a0<strong>Convenci\u00f3n Nacimiento Index XLVII,<\/strong>\u00a0la\u00a0<strong>Dra. Claudia Sheinbaum\u00a0<\/strong>le dio la bienvenida a los gobernadores que visitan la Ciudad de M\u00e9xico.<\/p>\n<p>\u201c<strong>Mar\u00eda del Pilar<\/strong>, muchas gracias, amiga y adem\u00e1s est\u00e1 desempe\u00f1ando un gran papel al frente de su estado, muchas felicidades, s\u00e9 que adem\u00e1s aqu\u00ed los empresarios te quieren mucho. Y tambi\u00e9n por supuesto al\u00a0<strong>Maestro Mauricio Vila<\/strong>, muchas gracias por estar aqu\u00ed;\u00a0<strong>f\u00edjense que estamos de pen\u00ednsula a pen\u00ednsula en la CDMX<\/strong>, muchas gracias por haber venido al d\u00eda de hoy\u201d.<\/p>\n<p>En respuesta, la\u00a0<strong>gobernadora de Baja California<\/strong>\u00a0reconoci\u00f3 y aplaudi\u00f3 el trabajo que ha realizado\u00a0<strong>Claudia Sheinbaum<\/strong>\u00a0en la Ciudad de M\u00e9xico en sus cuatro a\u00f1os de su gobierno: \u201cLo que est\u00e1 haciendo Claudia en la ciudad es\u00a0<strong>digno de replicarse en toda la Rep\u00fablica Mexicana<\/strong>, y nosotros siempre estamos muy pendientes de lo que haces para poder tomar estas buenas acciones y replicarlas en Baja California\u201d.<\/p>\n<\/div>\n<\/div>\n","protected":false},"excerpt":{"rendered":"<p>La Convenci\u00f3n Nacional Index XLVII tuvo una mesa donde participaron Claudia Sheinbaum, Marina Del Pilar&#8230;<\/p>\n","protected":false},"author":1,"featured_media":9366,"comment_status":"open","ping_status":"closed","sticky":false,"template":"","format":"standard","meta":{"footnotes":""},"categories":[12,15],"tags":[],"class_list":["post-9364","post","type-post","status-publish","format-standard","has-post-thumbnail","hentry","category-nacional","category-politica"],"_links":{"self":[{"href":"https:\/\/xn--huracnpolmicocancnquintanaroo-knc6wmu.com\/index.php?rest_route=\/wp\/v2\/posts\/9364","targetHints":{"allow":["GET"]}}],"collection":[{"href":"https:\/\/xn--huracnpolmicocancnquintanaroo-knc6wmu.com\/index.php?rest_route=\/wp\/v2\/posts"}],"about":[{"href":"https:\/\/xn--huracnpolmicocancnquintanaroo-knc6wmu.com\/index.php?rest_route=\/wp\/v2\/types\/post"}],"author":[{"embeddable":true,"href":"https:\/\/xn--huracnpolmicocancnquintanaroo-knc6wmu.com\/index.php?rest_route=\/wp\/v2\/users\/1"}],"replies":[{"embeddable":true,"href":"https:\/\/xn--huracnpolmicocancnquintanaroo-knc6wmu.com\/index.php?rest_route=%2Fwp%2Fv2%2Fcomments&post=9364"}],"version-history":[{"count":1,"href":"https:\/\/xn--huracnpolmicocancnquintanaroo-knc6wmu.com\/index.php?rest_route=\/wp\/v2\/posts\/9364\/revisions"}],"predecessor-version":[{"id":9365,"href":"https:\/\/xn--huracnpolmicocancnquintanaroo-knc6wmu.com\/index.php?rest_route=\/wp\/v2\/posts\/9364\/revisions\/9365"}],"wp:featuredmedia":[{"embeddable":true,"href":"https:\/\/xn--huracnpolmicocancnquintanaroo-knc6wmu.com\/index.php?rest_route=\/wp\/v2\/media\/9366"}],"wp:attachment":[{"href":"https:\/\/xn--huracnpolmicocancnquintanaroo-knc6wmu.com\/index.php?rest_route=%2Fwp%2Fv2%2Fmedia&parent=9364"}],"wp:term":[{"taxonomy":"category","embeddable":true,"href":"https:\/\/xn--huracnpolmicocancnquintanaroo-knc6wmu.com\/index.php?rest_route=%2Fwp%2Fv2%2Fcategories&post=9364"},{"taxonomy":"post_tag","embeddable":true,"href":"https:\/\/xn--huracnpolmicocancnquintanaroo-knc6wmu.com\/index.php?rest_route=%2Fwp%2Fv2%2Ftags&post=9364"}],"curies":[{"name":"wp","href":"https:\/\/api.w.org\/{rel}","templated":true}]}}