{"id":9397,"date":"2022-10-16T16:04:19","date_gmt":"2022-10-16T21:04:19","guid":{"rendered":"https:\/\/xn--huracnpolmicocancnquintanaroo-knc6wmu.com\/?p=9397"},"modified":"2022-10-17T21:06:11","modified_gmt":"2022-10-17T21:06:11","slug":"aerolinea-arajet-inicia-sus-operaciones-hacia-cancun","status":"publish","type":"post","link":"https:\/\/xn--huracnpolmicocancnquintanaroo-knc6wmu.com\/?p=9397","title":{"rendered":"Aerol\u00ednea Arajet inicia sus operaciones hacia Canc\u00fan"},"content":{"rendered":"<div class=\"subtitle text-xl mb-4\">\n<h4 class=\"flex mb-2\" style=\"text-align: center;\">Arranc\u00f3 con tres frecuencias semanales para conectar la regi\u00f3n del Caribe mexicano con RD<\/h4>\n<\/div>\n<div class=\"border-b-2 pb-3 byline text-lg\">\n<address class=\"author not-italic inline mr-2 block\"><strong>Arajet<\/strong>, la\u00a0<strong>aerol\u00ednea dominicana<\/strong>\u00a0que se promueve como de precios bajos, inform\u00f3 hoy el inicio de sus operaciones a\u00a0<strong>Canc\u00fan<\/strong>\u00a0en M\u00e9xico.<\/p>\n<p>&#8220;De esta manera quedan conectados de manera directa los dos\u00a0<strong>polos tur\u00edsticos m\u00e1s fuertes<\/strong>\u00a0del Caribe y Centroam\u00e9rica que, de manera combinada, representan m\u00e1s de 30 millones de turistas&#8221;, dijo la empresa en una nota de prensa.<\/p>\n<p>La aerol\u00ednea dominicana arranc\u00f3 con\u00a0<strong>tres frecuencias semanales<\/strong>\u00a0para conectar la regi\u00f3n del Caribe mexicano con Rep\u00fablica Dominicana, fortalecer los lazos comerciales y tur\u00edsticos e incrementar el flujo de visitantes entre ambas ciudades.<\/p>\n<p>\u201cCanc\u00fan es uno de los principales destinos para\u00a0<strong>Arajet<\/strong>\u00a0y representa una oportunidad para continuar abriendo las puertas del Caribe, y contribuir al dinamismo econ\u00f3mico de la regi\u00f3n con el intercambio continuo de visitantes, que podr\u00e1n complementar su experiencia de viaje por la zona, as\u00ed como conectar con facilidad con m\u00e1s de 20 destinos en 12 pa\u00edses, a trav\u00e9s de una oferta de valor basada en costos accesibles, aviones seguros y amigable con el medioambiente, y una experiencia a bordo caracterizada por el trato c\u00e1lido del pueblo dominicano\u201d, coment\u00f3 V\u00edctor Pacheco, CEO y presidente de\u00a0<strong>Arajet<\/strong>.<\/p>\n<p>Con tres frecuencias semanales (martes y viernes, con salida desde Santo Domingo a las 18:40 y llegada a las 20:30 horas, y domingo, con salida a las 17:20 y llegada a Canc\u00fan a las 19:15 horas), el viajero en la ciudad de Canc\u00fan tendr\u00e1 la oportunidad de contar con m\u00e1s opciones de vuelo que le permitan conectar con la regi\u00f3n del Caribe y disfrutar de la vasta oferta tur\u00edstica que ofrece Rep\u00fablica Dominicana, dijo\u00a0<strong>Arajet<\/strong>.<\/p>\n<p>Los precios de la oferta inicial van desde 185 d\u00f3lares en vuelo redondo, impuestos incluidos, durante octubre, y a partir de noviembre desde 287 d\u00f3lares.<\/p>\n<p>La aerol\u00ednea inform\u00f3 que, con este vuelo inaugural a Canc\u00fan, abre su tercera ruta en M\u00e9xico, adicional a Ciudad de M\u00e9xico, que cuenta con tres frecuencias desde el Aeropuerto Internacional Felipe \u00c1ngeles (lunes, jueves y s\u00e1bado), y Monterrey, con dos frecuencias semanales disponibles desde el Aeropuerto Internacional General Mariano Escobedo (martes y viernes).<\/p>\n<p>A partir de septiembre,\u00a0<strong>Arajet<\/strong>\u00a0tambi\u00e9n inici\u00f3 operaciones en Colombia, Per\u00fa, El Salvador, Aruba, San Martin y Guatemala; y para diciembre, ampliar\u00e1 su oferta desde dos ciudades m\u00e1s en Colombia: Bogot\u00e1 y Medell\u00edn.<\/p>\n<\/address>\n<\/div>\n","protected":false},"excerpt":{"rendered":"<p>Arranc\u00f3 con tres frecuencias semanales para conectar la regi\u00f3n del Caribe mexicano con RD Arajet,&#8230;<\/p>\n","protected":false},"author":1,"featured_media":9399,"comment_status":"open","ping_status":"closed","sticky":false,"template":"","format":"standard","meta":{"footnotes":""},"categories":[2,37],"tags":[],"class_list":["post-9397","post","type-post","status-publish","format-standard","has-post-thumbnail","hentry","category-local","category-quintana-roo"],"_links":{"self":[{"href":"https:\/\/xn--huracnpolmicocancnquintanaroo-knc6wmu.com\/index.php?rest_route=\/wp\/v2\/posts\/9397","targetHints":{"allow":["GET"]}}],"collection":[{"href":"https:\/\/xn--huracnpolmicocancnquintanaroo-knc6wmu.com\/index.php?rest_route=\/wp\/v2\/posts"}],"about":[{"href":"https:\/\/xn--huracnpolmicocancnquintanaroo-knc6wmu.com\/index.php?rest_route=\/wp\/v2\/types\/post"}],"author":[{"embeddable":true,"href":"https:\/\/xn--huracnpolmicocancnquintanaroo-knc6wmu.com\/index.php?rest_route=\/wp\/v2\/users\/1"}],"replies":[{"embeddable":true,"href":"https:\/\/xn--huracnpolmicocancnquintanaroo-knc6wmu.com\/index.php?rest_route=%2Fwp%2Fv2%2Fcomments&post=9397"}],"version-history":[{"count":1,"href":"https:\/\/xn--huracnpolmicocancnquintanaroo-knc6wmu.com\/index.php?rest_route=\/wp\/v2\/posts\/9397\/revisions"}],"predecessor-version":[{"id":9398,"href":"https:\/\/xn--huracnpolmicocancnquintanaroo-knc6wmu.com\/index.php?rest_route=\/wp\/v2\/posts\/9397\/revisions\/9398"}],"wp:featuredmedia":[{"embeddable":true,"href":"https:\/\/xn--huracnpolmicocancnquintanaroo-knc6wmu.com\/index.php?rest_route=\/wp\/v2\/media\/9399"}],"wp:attachment":[{"href":"https:\/\/xn--huracnpolmicocancnquintanaroo-knc6wmu.com\/index.php?rest_route=%2Fwp%2Fv2%2Fmedia&parent=9397"}],"wp:term":[{"taxonomy":"category","embeddable":true,"href":"https:\/\/xn--huracnpolmicocancnquintanaroo-knc6wmu.com\/index.php?rest_route=%2Fwp%2Fv2%2Fcategories&post=9397"},{"taxonomy":"post_tag","embeddable":true,"href":"https:\/\/xn--huracnpolmicocancnquintanaroo-knc6wmu.com\/index.php?rest_route=%2Fwp%2Fv2%2Ftags&post=9397"}],"curies":[{"name":"wp","href":"https:\/\/api.w.org\/{rel}","templated":true}]}}