{"id":9418,"date":"2022-10-17T17:52:56","date_gmt":"2022-10-17T22:52:56","guid":{"rendered":"https:\/\/xn--huracnpolmicocancnquintanaroo-knc6wmu.com\/?p=9418"},"modified":"2022-10-17T22:53:00","modified_gmt":"2022-10-17T22:53:00","slug":"vocalista-de-rammstein-posa-con-peluche-de-dr-simi-en-playas-de-cancun","status":"publish","type":"post","link":"https:\/\/xn--huracnpolmicocancnquintanaroo-knc6wmu.com\/?p=9418","title":{"rendered":"Vocalista de Rammstein posa con peluche de Dr. Simi en playas de Canc\u00fan"},"content":{"rendered":"<h4 class=\"subtitle\" style=\"text-align: center;\">Till Lindemann, vocalista de Rammstein, viaj\u00f3 a las playas de Canc\u00fan y se llev\u00f3 a su mu\u00f1eco del Dr. Simi, con quien pos\u00f3 para una sesi\u00f3n de fotos<\/h4>\n<div class=\"lead-gallery \">\n<div class=\"teaser  owl-carousel owl-theme\">\n<div class=\"owl-wrapper-outer\">\n<div class=\"owl-wrapper\">\n<div class=\"owl-item\">\n<div class=\"img-container picture\">\n<div id=\"standard_6\" class=\"st-placement standard_6 inImage\">\n<div class=\"st-adunit st-adunit-tagged st-reset st-show\">\n<div class=\"st-adunit-ad st-reset\">\n<div class=\"st-reset render-mode-normal\">\n<p>Por si hab\u00eda quedado alguna duda de lo bien que les cay\u00f3 el\u00a0<b>Dr. Simi<\/b>\u00a0a los integrantes de\u00a0<b>Rammstein<\/b>, las recientes fotograf\u00edas de\u00a0<b>Till Lindemann<\/b>, vocalista de la banda, al lado del famoso mu\u00f1eco, parecen indicar que\u00a0<b>la relaci\u00f3n entre ambos a\u00fan no termina<\/b>, ya que en\u00a0<b>redes sociales<\/b>\u00a0se han\u00a0<b>viralizado<\/b>\u00a0estas im\u00e1genes en donde\u00a0<b>el cantante se ve acompa\u00f1ado del curioso Simi en las playas de Canc\u00fan<\/b>, donde al parecer hasta sesi\u00f3n de fotos hubo.<\/p>\n<p>Y es que, luego de sus\u00a0<b>tres presentaciones<\/b>\u00a0en el\u00a0<b>Foro Sol<\/b>\u00a0de la\u00a0<b>Ciudad de M\u00e9xico\u00a0<\/b>a inicios del mes de octubre, los m\u00fasicos de la banda alemana tomaron unas merecidas\u00a0<b>vacaciones\u00a0<\/b>en las bellas playas del pa\u00eds.<\/p>\n<p>A pesar de que mucho se dijo que algunos\u00a0<b>fans de la agrupaci\u00f3n se rehusaban a que se les lanzaran mu\u00f1ecos del Dr. Simi<\/b>\u00a0durante sus shows en nuestro pa\u00eds, la realidad es que los integrantes de Rammstein se mostraron\u00a0<b>bastante felices de recibirlos<\/b>, incluso hasta\u00a0<b>bromearon<\/b>\u00a0con ellos y hasta unos\u00a0<b>besitos\u00a0<\/b>les dieron a sus regalos.<\/p>\n<article class=\"gossip_omg\nmedia col-md-4 inline-story \"><\/p>\n<div class=\"teaser \">\n<h2><b>As\u00ed pos\u00f3 Till Lindemann al lado del Dr. Simi en playas de Canc\u00fan<\/b><\/h2>\n<p>En los \u00faltimos d\u00edas, en\u00a0<b>redes sociales<\/b>\u00a0han circulado algunas\u00a0<b>fotograf\u00edas<\/b>\u00a0en donde\u00a0<b>Till Lindemann<\/b>\u00a0se observa disfrutando de la c\u00e1lida arena de las playas de Canc\u00fan, al lado de un curioso amigo:\u00a0<b>el mu\u00f1eco del Dr. Simi.<\/b><\/p>\n<p>En una de las dos im\u00e1genes que se han dado a conocer, se puede ver al\u00a0<b>cantante sentado en la arena<\/b>\u00a0y luciendo un atuendo negro, con gafas y gorra, mientras\u00a0<b>sostiene la mano del peque\u00f1o mu\u00f1eco disfrazado de bombero\u00a0<\/b>y realiza una se\u00f1al obscena.<\/p>\n<p>En otra foto, se ve al int\u00e9rprete de \u201cAmerika\u201d nuevamente\u00a0<b>sentado a la orilla de la playa<\/b>, en esta ocasi\u00f3n portando una playera y unos jeans en color gris, y\u00a0<b>posando nuevamente junto al famoso mu\u00f1eco<\/b>\u00a0de las Farmacias Similares.<\/p>\n<p>Finalmente, en una imagen m\u00e1s reciente, se puede observar el\u00a0<b>lado tierno de Till Lindemann<\/b>, ya que se encuentra\u00a0<b>abrazando a su mu\u00f1eco<\/b>, mientras contempla solemne y pac\u00edficamente el mar de las playas de Canc\u00fan.<\/p>\n<h2><b>Dr. Simi reacciono a fotos de vocalista de Rammstein<\/b><\/h2>\n<p>Como era de esperarse, la popularidad de las\u00a0<b>im\u00e1genes del mu\u00f1eco del Dr. Simi al lado del vocalista de Rammstein<\/b>\u00a0lleg\u00f3 las\u00a0<b>cuentas oficiales<\/b>\u00a0del famoso personaje, motivo por el cual, a trav\u00e9s de\u00a0<b>Twitter<\/b>, el perfil de este personaje le dio\u00a0<b>retweet a la fotograf\u00eda y respondi\u00f3 con tres emojis de caritas con ojos en forma de estrella<\/b>, denotando emoci\u00f3n.<\/p>\n<\/div>\n<\/article>\n<\/div>\n<\/div>\n<\/div>\n<\/div>\n<\/div>\n<\/div>\n<\/div>\n<\/div>\n<\/div>\n<\/div>\n","protected":false},"excerpt":{"rendered":"<p>Till Lindemann, vocalista de Rammstein, viaj\u00f3 a las playas de Canc\u00fan y se llev\u00f3 a&#8230;<\/p>\n","protected":false},"author":1,"featured_media":9420,"comment_status":"open","ping_status":"closed","sticky":false,"template":"","format":"standard","meta":{"footnotes":""},"categories":[9,2,37],"tags":[],"class_list":["post-9418","post","type-post","status-publish","format-standard","has-post-thumbnail","hentry","category-espectaculos","category-local","category-quintana-roo"],"_links":{"self":[{"href":"https:\/\/xn--huracnpolmicocancnquintanaroo-knc6wmu.com\/index.php?rest_route=\/wp\/v2\/posts\/9418","targetHints":{"allow":["GET"]}}],"collection":[{"href":"https:\/\/xn--huracnpolmicocancnquintanaroo-knc6wmu.com\/index.php?rest_route=\/wp\/v2\/posts"}],"about":[{"href":"https:\/\/xn--huracnpolmicocancnquintanaroo-knc6wmu.com\/index.php?rest_route=\/wp\/v2\/types\/post"}],"author":[{"embeddable":true,"href":"https:\/\/xn--huracnpolmicocancnquintanaroo-knc6wmu.com\/index.php?rest_route=\/wp\/v2\/users\/1"}],"replies":[{"embeddable":true,"href":"https:\/\/xn--huracnpolmicocancnquintanaroo-knc6wmu.com\/index.php?rest_route=%2Fwp%2Fv2%2Fcomments&post=9418"}],"version-history":[{"count":1,"href":"https:\/\/xn--huracnpolmicocancnquintanaroo-knc6wmu.com\/index.php?rest_route=\/wp\/v2\/posts\/9418\/revisions"}],"predecessor-version":[{"id":9419,"href":"https:\/\/xn--huracnpolmicocancnquintanaroo-knc6wmu.com\/index.php?rest_route=\/wp\/v2\/posts\/9418\/revisions\/9419"}],"wp:featuredmedia":[{"embeddable":true,"href":"https:\/\/xn--huracnpolmicocancnquintanaroo-knc6wmu.com\/index.php?rest_route=\/wp\/v2\/media\/9420"}],"wp:attachment":[{"href":"https:\/\/xn--huracnpolmicocancnquintanaroo-knc6wmu.com\/index.php?rest_route=%2Fwp%2Fv2%2Fmedia&parent=9418"}],"wp:term":[{"taxonomy":"category","embeddable":true,"href":"https:\/\/xn--huracnpolmicocancnquintanaroo-knc6wmu.com\/index.php?rest_route=%2Fwp%2Fv2%2Fcategories&post=9418"},{"taxonomy":"post_tag","embeddable":true,"href":"https:\/\/xn--huracnpolmicocancnquintanaroo-knc6wmu.com\/index.php?rest_route=%2Fwp%2Fv2%2Ftags&post=9418"}],"curies":[{"name":"wp","href":"https:\/\/api.w.org\/{rel}","templated":true}]}}