{"id":9478,"date":"2022-10-20T16:27:05","date_gmt":"2022-10-20T21:27:05","guid":{"rendered":"https:\/\/xn--huracnpolmicocancnquintanaroo-knc6wmu.com\/?p=9478"},"modified":"2022-10-20T21:27:07","modified_gmt":"2022-10-20T21:27:07","slug":"claudia-sheinbaum-presenta-codigo-cancer-estrategia-para-detectar-la-enfermedad","status":"publish","type":"post","link":"https:\/\/xn--huracnpolmicocancnquintanaroo-knc6wmu.com\/?p=9478","title":{"rendered":"Claudia Sheinbaum presenta \u201cc\u00f3digo c\u00e1ncer\u201d, estrategia para detectar la enfermedad"},"content":{"rendered":"<div class=\"news-excerpt\">\n<p>Sheinbaum explic\u00f3 que van a adquirir 10 nuevas unidades m\u00f3viles con mastografos para acudir a los pueblos y barrios de menor acceso a los sistemas de salud<\/p>\n<\/div>\n<div class=\"clearfix\">\n<div class=\"news-line\">\n<p>En el marco del D\u00eda Internacional de la Lucha contra el C\u00e1ncer de Mama, la jefa de Gobierno Claudia Sheinbaum inform\u00f3 que se trabaja en un esquema integral de atenci\u00f3n del c\u00e1ncer de mama con todas las instituciones de salud del Gobierno de M\u00e9xico: el ISSSTE, IMSS, Insabi y la Secretar\u00eda de Salud capitalina, con el objetivo de implementarse en todo el pa\u00eds. El proyecto lleva por nombre &#8220;C\u00f3digo c\u00e1ncer&#8221;.<\/p>\n<p><strong>\u201cLo que queremos hacer es un esquema de atenci\u00f3n de c\u00e1ncer de mama unificado de todas las instituciones de salud, estamos trabajando en ello (<\/strong>\u2026), que podamos atendernos en la Secretar\u00eda de Salud, tambi\u00e9n en el Instituto del Seguro Social y tambi\u00e9n en el ISSSTE, aun cuando no tengamos derechohabiencia, igual que como hicimos con el COVID\u201d, explic\u00f3.<\/p>\n<p>Claudia Sheinbaum se\u00f1al\u00f3 que, en el inicio de este trabajo, el esquema de atenci\u00f3n integral de c\u00e1ncer de mama contemplar\u00eda la atenci\u00f3n primaria de promoci\u00f3n y detecci\u00f3n oportuna, atenci\u00f3n especializada, estudios, tratamiento y medicamentos, y\u00a0<strong>se estima que pueda ejecutarse en el 2023.<\/strong><\/p>\n<p>\u201cLas mujeres no est\u00e1n solas y tampoco est\u00e1n solas cuando se trata de su salud\u201d, enfatiz\u00f3 Sheinbaum.<\/p>\n<p>Agreg\u00f3 que el objetivo es fortalecer todo lo que tiene que ver con atenci\u00f3n de c\u00e1ncer de mama y al mismo tiempo \u201cavanzar a que esto pueda ser universal, que podamos ir a una u otra entidad, independientemente de nuestra derechohabiencia\u201d, coment\u00f3.<\/p>\n<p>En su intervenci\u00f3n, Zo\u00e9 Robledo, director general del Instituto Mexicano del Seguro Social (IMSS), destac\u00f3 que el objetivo de unificar y tener un solo sistema de salud es\u00a0<strong>reducir los tiempos entre la detecci\u00f3n del c\u00e1ncer de mama y el inicio del tratamiento,<\/strong>\u00a0\u201cunir fuerzas, capacidades y experiencia a favor de las mujeres de todo el pa\u00eds\u201d.<\/p>\n<p>Explic\u00f3 que la estrategia requiere construir redes de referencia regionales entre hospitales p\u00fablicos con servicios oncol\u00f3gicos y avanzar hacia los est\u00e1ndares internacionales de atenci\u00f3n, que van de las dos semanas de la sospecha al diagn\u00f3stico y 62 d\u00edas como m\u00e1ximo del diagn\u00f3stico al tratamiento.<\/p>\n<p>En el evento realizado en la alcald\u00eda Iztacalco de la Ciudad de M\u00e9xico tambi\u00e9n estuvieron presentes el director general del ISSSTE, Pedro Zenteno; la secretaria de Salud capitalina, Oliva L\u00f3pez; la directora del Programa de Prevenci\u00f3n y Control del C\u00e1ncer de la Mujer CNEGSR, Alejandra Armengol; y C\u00e9sar Arce, en representaci\u00f3n del director general del Insabi.<\/p>\n<\/div>\n<\/div>\n","protected":false},"excerpt":{"rendered":"<p>Sheinbaum explic\u00f3 que van a adquirir 10 nuevas unidades m\u00f3viles con mastografos para acudir a&#8230;<\/p>\n","protected":false},"author":1,"featured_media":9480,"comment_status":"open","ping_status":"closed","sticky":false,"template":"","format":"standard","meta":{"footnotes":""},"categories":[12,15,30],"tags":[],"class_list":["post-9478","post","type-post","status-publish","format-standard","has-post-thumbnail","hentry","category-nacional","category-politica","category-salud"],"_links":{"self":[{"href":"https:\/\/xn--huracnpolmicocancnquintanaroo-knc6wmu.com\/index.php?rest_route=\/wp\/v2\/posts\/9478","targetHints":{"allow":["GET"]}}],"collection":[{"href":"https:\/\/xn--huracnpolmicocancnquintanaroo-knc6wmu.com\/index.php?rest_route=\/wp\/v2\/posts"}],"about":[{"href":"https:\/\/xn--huracnpolmicocancnquintanaroo-knc6wmu.com\/index.php?rest_route=\/wp\/v2\/types\/post"}],"author":[{"embeddable":true,"href":"https:\/\/xn--huracnpolmicocancnquintanaroo-knc6wmu.com\/index.php?rest_route=\/wp\/v2\/users\/1"}],"replies":[{"embeddable":true,"href":"https:\/\/xn--huracnpolmicocancnquintanaroo-knc6wmu.com\/index.php?rest_route=%2Fwp%2Fv2%2Fcomments&post=9478"}],"version-history":[{"count":1,"href":"https:\/\/xn--huracnpolmicocancnquintanaroo-knc6wmu.com\/index.php?rest_route=\/wp\/v2\/posts\/9478\/revisions"}],"predecessor-version":[{"id":9479,"href":"https:\/\/xn--huracnpolmicocancnquintanaroo-knc6wmu.com\/index.php?rest_route=\/wp\/v2\/posts\/9478\/revisions\/9479"}],"wp:featuredmedia":[{"embeddable":true,"href":"https:\/\/xn--huracnpolmicocancnquintanaroo-knc6wmu.com\/index.php?rest_route=\/wp\/v2\/media\/9480"}],"wp:attachment":[{"href":"https:\/\/xn--huracnpolmicocancnquintanaroo-knc6wmu.com\/index.php?rest_route=%2Fwp%2Fv2%2Fmedia&parent=9478"}],"wp:term":[{"taxonomy":"category","embeddable":true,"href":"https:\/\/xn--huracnpolmicocancnquintanaroo-knc6wmu.com\/index.php?rest_route=%2Fwp%2Fv2%2Fcategories&post=9478"},{"taxonomy":"post_tag","embeddable":true,"href":"https:\/\/xn--huracnpolmicocancnquintanaroo-knc6wmu.com\/index.php?rest_route=%2Fwp%2Fv2%2Ftags&post=9478"}],"curies":[{"name":"wp","href":"https:\/\/api.w.org\/{rel}","templated":true}]}}