{"id":9535,"date":"2022-10-23T16:22:15","date_gmt":"2022-10-23T21:22:15","guid":{"rendered":"https:\/\/xn--huracnpolmicocancnquintanaroo-knc6wmu.com\/?p=9535"},"modified":"2022-10-24T21:23:18","modified_gmt":"2022-10-24T21:23:18","slug":"air-caraibes-desembarca-en-cancun","status":"publish","type":"post","link":"https:\/\/xn--huracnpolmicocancnquintanaroo-knc6wmu.com\/?p=9535","title":{"rendered":"Air Cara\u00efbes desembarca en Canc\u00fan"},"content":{"rendered":"<p>Este s\u00e1bado 22,<strong>\u00a0Air Cara\u00efbes<\/strong>\u00a0desembarc\u00f3 por primera vez en M\u00e9xico con un nuevo servicio entre Par\u00eds \u2013 Orly (ORY) y Canc\u00fan (CUN) con dos vuelos semanales. La compa\u00f1\u00eda ser\u00e1 el tercer operador en ofrecer servicios sin escalas entre Francia y el pa\u00eds azteca, y su red caribe\u00f1a incrementa a 11 destinos.<\/p>\n<p>El vuelo TX 648 fue operado en un Airbus A350 registrado con la matr\u00edcula F-HTRE, el cual despeg\u00f3 del Aeropuerto de Orly (ORY) a las 11:28 hora local y aterriz\u00f3 en el Aeropuerto Internacional de Canc\u00fan (CUN) a las 14:20. Esta operaci\u00f3n tuvo una duraci\u00f3n de nueve horas y 52 minutos.<\/p>\n<p>De acuerdo con datos obtenidos por Aviacionline a trav\u00e9s de las estad\u00edsticas de Eurostat se movilizaron 197.891 en 2019 entre Par\u00eds y Canc\u00fan. Francia es el tercer mayor mercado europeo del estado Quintana Roo, s\u00f3lo por detr\u00e1s de Reino Unido y Espa\u00f1a.<\/p>\n<h4><b>Itinerario de vuelo<\/b><\/h4>\n<h6><b>Par\u00eds\/Orly (ORY) \u2013 Canc\u00fan (CUN)<\/b><b><\/b><\/h6>\n<ul>\n<li aria-level=\"1\"><b>Vuelo TX 648\u00a0<\/b>ORY 11:10 \u2013 CUN 14:55\u00a0<i>martes.<\/i><\/li>\n<\/ul>\n<ul>\n<li aria-level=\"1\"><b>Vuelo TX 648\u00a0<\/b>ORY 11:30 \u2013 CUN 15:15\u00a0<i>domingo.<\/i><\/li>\n<\/ul>\n<h6><b>Canc\u00fan (CUN) \u2013 Par\u00eds\/Orly (ORY)<\/b><b><\/b><\/h6>\n<ul>\n<li aria-level=\"1\"><b>Vuelo TX 649\u00a0<\/b>CUN 17:05 \u2013 ORY 09:45+1\u00a0<i>martes.<\/i><\/li>\n<\/ul>\n<ul>\n<li aria-level=\"1\"><b>Vuelo TX 649\u00a0<\/b>CUN 17:25 \u2013 ORY 09:05+1\u00a0<i>domingo.<\/i>La ruta ser\u00e1 operada en aeronaves Airbus A350-900 con capacidad de 389 asientos en tres clases (18 Clase Madras\/45 Clase Caraibes\/329 Clase Soleil) y las tarifas promocionales se encuentran disponibles desde los EUR 265 por trayecto.\n<p>Seg\u00fan datos recopilados por Aviacionline a trav\u00e9s de la Agencia Federal de Aviaci\u00f3n Civil (AFAC) se movilizaron 471.926 pasajeros con un factor de ocupaci\u00f3n del 89,6% en el per\u00edodo de enero \u2013 agosto de 2022 entre M\u00e9xico y Francia. Este segmento es el tercer mayor mercado de larga distancia del pa\u00eds azteca y para la pr\u00f3xima temporada de invierno estar\u00e1n operando Air France, Aerom\u00e9xico y Air Cara\u00efbes.<\/p>\n<p>La red caribe\u00f1a de Air Cara\u00efbes incluyen los siguientes destinos: La Habana (HAV), Santiago de Cuba (SCU), Punta Cana (PUJ), Santo Domingo (SDQ), Puerto Pr\u00edncipe (PAP), Guadalupe (PTP), Martinica (FDF), Saint Lucia (SLU), Saint Martin (SFG), Sint Maarten (SXM) y ahora Canc\u00fan (CUN).<\/li>\n<\/ul>\n","protected":false},"excerpt":{"rendered":"<p>Este s\u00e1bado 22,\u00a0Air Cara\u00efbes\u00a0desembarc\u00f3 por primera vez en M\u00e9xico con un nuevo servicio entre Par\u00eds&#8230;<\/p>\n","protected":false},"author":1,"featured_media":9537,"comment_status":"open","ping_status":"closed","sticky":false,"template":"","format":"standard","meta":{"footnotes":""},"categories":[2,37],"tags":[],"class_list":["post-9535","post","type-post","status-publish","format-standard","has-post-thumbnail","hentry","category-local","category-quintana-roo"],"_links":{"self":[{"href":"https:\/\/xn--huracnpolmicocancnquintanaroo-knc6wmu.com\/index.php?rest_route=\/wp\/v2\/posts\/9535","targetHints":{"allow":["GET"]}}],"collection":[{"href":"https:\/\/xn--huracnpolmicocancnquintanaroo-knc6wmu.com\/index.php?rest_route=\/wp\/v2\/posts"}],"about":[{"href":"https:\/\/xn--huracnpolmicocancnquintanaroo-knc6wmu.com\/index.php?rest_route=\/wp\/v2\/types\/post"}],"author":[{"embeddable":true,"href":"https:\/\/xn--huracnpolmicocancnquintanaroo-knc6wmu.com\/index.php?rest_route=\/wp\/v2\/users\/1"}],"replies":[{"embeddable":true,"href":"https:\/\/xn--huracnpolmicocancnquintanaroo-knc6wmu.com\/index.php?rest_route=%2Fwp%2Fv2%2Fcomments&post=9535"}],"version-history":[{"count":1,"href":"https:\/\/xn--huracnpolmicocancnquintanaroo-knc6wmu.com\/index.php?rest_route=\/wp\/v2\/posts\/9535\/revisions"}],"predecessor-version":[{"id":9536,"href":"https:\/\/xn--huracnpolmicocancnquintanaroo-knc6wmu.com\/index.php?rest_route=\/wp\/v2\/posts\/9535\/revisions\/9536"}],"wp:featuredmedia":[{"embeddable":true,"href":"https:\/\/xn--huracnpolmicocancnquintanaroo-knc6wmu.com\/index.php?rest_route=\/wp\/v2\/media\/9537"}],"wp:attachment":[{"href":"https:\/\/xn--huracnpolmicocancnquintanaroo-knc6wmu.com\/index.php?rest_route=%2Fwp%2Fv2%2Fmedia&parent=9535"}],"wp:term":[{"taxonomy":"category","embeddable":true,"href":"https:\/\/xn--huracnpolmicocancnquintanaroo-knc6wmu.com\/index.php?rest_route=%2Fwp%2Fv2%2Fcategories&post=9535"},{"taxonomy":"post_tag","embeddable":true,"href":"https:\/\/xn--huracnpolmicocancnquintanaroo-knc6wmu.com\/index.php?rest_route=%2Fwp%2Fv2%2Ftags&post=9535"}],"curies":[{"name":"wp","href":"https:\/\/api.w.org\/{rel}","templated":true}]}}