{"id":9577,"date":"2022-10-25T15:54:57","date_gmt":"2022-10-25T20:54:57","guid":{"rendered":"https:\/\/xn--huracnpolmicocancnquintanaroo-knc6wmu.com\/?p=9577"},"modified":"2022-10-25T20:54:59","modified_gmt":"2022-10-25T20:54:59","slug":"por-fin-air-caraibes-aterrizo-en-cancun","status":"publish","type":"post","link":"https:\/\/xn--huracnpolmicocancnquintanaroo-knc6wmu.com\/?p=9577","title":{"rendered":"\u00a1Por fin! Air Cara\u00efbes aterriz\u00f3 en Canc\u00fan"},"content":{"rendered":"<p>El s\u00e1bado 22 de octubre un Airbus A350 de\u00a0<strong>Air Cara\u00efbes<\/strong>\u00a0aterriz\u00f3 en el Aeropuerto Internacional de Canc\u00fan (CUN), proveniente del Aeropuerto de Par\u00eds-Orly (ORY). Recordemos que la aerol\u00ednea ten\u00eda planeado volar a M\u00e9xico desde 2020, lo cual tuvo que ser pospuesto debido a la crisis sanitaria por COVID-19.<\/p>\n<div class=\"__lxG__double\">\n<div id=\"lx_655814\" class=\"__lxG__multi __lxG__multi_lx_655814 __lxG__loading_block __lxG__geo_nl __lxG__size_fixed\" data-cnt=\"1\" data-width=\"300\" data-height=\"250\">\n<p>La aerol\u00ednea de Caribe franc\u00e9s ofrecer\u00e1 2 frecuencias semanales a Canc\u00fan. A partir de diciembre, la compa\u00f1\u00eda ofrecer\u00e1 3 vuelos semanales al Caribe mexicano. Con este vuelo, Air Cara\u00efbes se convierte en la tercera aerol\u00ednea en ofrecer vuelos directos entre Francia y M\u00e9xico. Durante la temporada de invierno 2022-2023, Air Cara\u00efbes se suma a\u00a0<strong>Air France<\/strong>\u00a0y\u00a0<strong>Aerom\u00e9xico<\/strong>, con lo que aumentar\u00e1 la conectividad entre ambos pa\u00edses.<\/p>\n<div class=\"__lxG__double __lxG__not_empty_block\">\n<div id=\"lx_655814\" class=\"__lxG__multi __lxG__multi_lx_655814 __lxG__geo_nl __lxG__size_fixed __lxG__not_empty_block\" data-cnt=\"3\" data-width=\"300\" data-height=\"250\">\n<p>La aerol\u00ednea franco-caribe\u00f1a operar\u00e1 sus vuelos hacia Canc\u00fan con A350-900 que cuenta con capacidad para transportar a 389 pasajeros. Dividido en 3 clases, el modelo de Airbus cuenta 18 asientos en clase Madreas (ejecutiva), 45 en clase Cara\u00efbes (premium economy) y 329 en clase Soleil (economy).<\/p>\n<p>El vuelo TX648 fue realizado por la aeronave con matr\u00edcula F-HTRE y tuvo una duraci\u00f3n de 9 horas con 52 minutos. El avi\u00f3n despeg\u00f3 del Aeropuerto de Par\u00eds-Orly a las 11:28 y lleg\u00f3 al Aeropuerto de Canc\u00fan a las 14:20.<\/p>\n<p>Los vuelos previstos para esta ruta ser\u00e1n los martes y domingos, considerando el siguiente itinerario:<\/p>\n<h4 class=\"fittexted_for_content_h4\">Martes<\/h4>\n<ul>\n<li>N\u00famero de Vuelo TX 648.\u00a0Par\u00eds (ORY) 11:10 \u2013 Canc\u00fan (CUN) 14:55<\/li>\n<li>N\u00famero de Vuelo TX 649. Canc\u00fan (CUN) 17:05 \u2013 Par\u00eds (ORY) 09:45+1<\/li>\n<\/ul>\n<h4 class=\"fittexted_for_content_h4\">Domingo<\/h4>\n<ul>\n<li>N\u00famero de Vuelo TX 648.\u00a0Par\u00eds (ORY) 11:30 \u2013 Canc\u00fan (CUN) 15:15<\/li>\n<li>N\u00famero de Vuelo TX 649. Canc\u00fan (CUN) 17:25 \u2013 Par\u00eds (ORY) 09:05+1<\/li>\n<\/ul>\n<p>De acuerdo con un comunicado de la aerol\u00ednea, la ruta hacia Canc\u00fan se debe a que busca satisfacer la demanda de sus clientes a destinos soleados. Recordemos que entre los destinos de Air Cara\u00efbes se encuentran Cuba (HAV y SCU), Rep\u00fablica Dominicana (PUJ y SDQ), Hait\u00ed (PTP) y ahora M\u00e9xico (CUN).<\/p>\n<\/div>\n<\/div>\n<\/div>\n<\/div>\n","protected":false},"excerpt":{"rendered":"<p>El s\u00e1bado 22 de octubre un Airbus A350 de\u00a0Air Cara\u00efbes\u00a0aterriz\u00f3 en el Aeropuerto Internacional de&#8230;<\/p>\n","protected":false},"author":1,"featured_media":9579,"comment_status":"open","ping_status":"closed","sticky":false,"template":"","format":"standard","meta":{"footnotes":""},"categories":[2,37],"tags":[],"class_list":["post-9577","post","type-post","status-publish","format-standard","has-post-thumbnail","hentry","category-local","category-quintana-roo"],"_links":{"self":[{"href":"https:\/\/xn--huracnpolmicocancnquintanaroo-knc6wmu.com\/index.php?rest_route=\/wp\/v2\/posts\/9577","targetHints":{"allow":["GET"]}}],"collection":[{"href":"https:\/\/xn--huracnpolmicocancnquintanaroo-knc6wmu.com\/index.php?rest_route=\/wp\/v2\/posts"}],"about":[{"href":"https:\/\/xn--huracnpolmicocancnquintanaroo-knc6wmu.com\/index.php?rest_route=\/wp\/v2\/types\/post"}],"author":[{"embeddable":true,"href":"https:\/\/xn--huracnpolmicocancnquintanaroo-knc6wmu.com\/index.php?rest_route=\/wp\/v2\/users\/1"}],"replies":[{"embeddable":true,"href":"https:\/\/xn--huracnpolmicocancnquintanaroo-knc6wmu.com\/index.php?rest_route=%2Fwp%2Fv2%2Fcomments&post=9577"}],"version-history":[{"count":1,"href":"https:\/\/xn--huracnpolmicocancnquintanaroo-knc6wmu.com\/index.php?rest_route=\/wp\/v2\/posts\/9577\/revisions"}],"predecessor-version":[{"id":9578,"href":"https:\/\/xn--huracnpolmicocancnquintanaroo-knc6wmu.com\/index.php?rest_route=\/wp\/v2\/posts\/9577\/revisions\/9578"}],"wp:featuredmedia":[{"embeddable":true,"href":"https:\/\/xn--huracnpolmicocancnquintanaroo-knc6wmu.com\/index.php?rest_route=\/wp\/v2\/media\/9579"}],"wp:attachment":[{"href":"https:\/\/xn--huracnpolmicocancnquintanaroo-knc6wmu.com\/index.php?rest_route=%2Fwp%2Fv2%2Fmedia&parent=9577"}],"wp:term":[{"taxonomy":"category","embeddable":true,"href":"https:\/\/xn--huracnpolmicocancnquintanaroo-knc6wmu.com\/index.php?rest_route=%2Fwp%2Fv2%2Fcategories&post=9577"},{"taxonomy":"post_tag","embeddable":true,"href":"https:\/\/xn--huracnpolmicocancnquintanaroo-knc6wmu.com\/index.php?rest_route=%2Fwp%2Fv2%2Ftags&post=9577"}],"curies":[{"name":"wp","href":"https:\/\/api.w.org\/{rel}","templated":true}]}}