{"id":9634,"date":"2022-10-28T19:00:20","date_gmt":"2022-10-29T00:00:20","guid":{"rendered":"https:\/\/xn--huracnpolmicocancnquintanaroo-knc6wmu.com\/?p=9634"},"modified":"2022-10-29T00:00:24","modified_gmt":"2022-10-29T00:00:24","slug":"desde-cancun-carmen-villalobos-puso-a-sudar-en-instagram-a-sus-fans","status":"publish","type":"post","link":"https:\/\/xn--huracnpolmicocancnquintanaroo-knc6wmu.com\/?p=9634","title":{"rendered":"Desde Canc\u00fan, Carmen Villalobos puso a sudar en Instagram a sus fans"},"content":{"rendered":"<h4 class=\"article-subheadline\" style=\"text-align: center;\">La tambi\u00e9n modelo se encuentra vacacionando y no ha perdido la oportunidad de compartir fotos y videos con sus m\u00e1s de 20 millones de seguidores<\/h4>\n<div class=\"byline\">\n<div class=\"byline-text-wrapper\">\n<p class=\"paragraph\">La presentadora de televisi\u00f3n y actriz colombiana\u00a0<b>Carmen Villalobos<\/b><b>\u00a0<\/b>ha sabido cautivar a propios y extra\u00f1os con su talento y carisma, por ello no es de extra\u00f1ar que tambi\u00e9n sea toda una figura imponente en redes sociales, especialmente en Instagram,<b>\u00a0en donde actualmente suma 20.8 millones de seguidores.<\/b><\/p>\n<p class=\"paragraph\">Esta vez la conductora subi\u00f3 la temperatura entre sus fans al publicar una serie de fotograf\u00edas en donde se le puede ver luciendo un<b>\u00a0bikini color rosa\u00a0<\/b>mientras se pasea por las playas de\u00a0<b>Canc\u00fan<\/b>.<\/p>\n<p class=\"paragraph\">Y es que la actriz est\u00e1 de vacaciones en Tulum, disfrutando del clima como si a\u00fan fuera verano y presumiendo su trabajada silueta, producto de su constancia con el ejercicio y una buena alimentaci\u00f3n.<\/p>\n<p class=\"paragraph\"><b>En sus historias tambi\u00e9n ha compartido<\/b>\u00a0los platillos tropicales que ha degustado, as\u00ed como la fiesta de cumplea\u00f1os de Tony Lozano. En otras m\u00e1s subi\u00f3 videos en donde luc\u00eda un conjunto azul que iba acompa\u00f1ado del texto: \u201cNo cambio la brisa de la tierra caliente por nada del mundo, me encanta\u201d, se lee.<\/p>\n<h2 class=\"header\">\u00bfQui\u00e9n es Carmen Villalobos?<\/h2>\n<p class=\"paragraph\"><b>Carmen Villalobos<\/b>\u00a0naci\u00f3 el 13 de julio de 1983 en Barranquilla, Colombia.\u00a0<b>Su carrera en los escenarios comenz\u00f3 en 1999<\/b>\u00a0cuando debut\u00f3 en el programa infantil colombiano\u00a0<i>Club 10<\/i>.<\/p>\n<p class=\"paragraph\">M\u00e1s adelante, la artista se inici\u00f3 en las telenovelas con una participaci\u00f3n en\u00a0<i>Amor a la plancha<\/i>, seguida por\u00a0<i>Dora la celadora<\/i>. Sin embargo\u00a0<b>la telenovela\u00a0<\/b><i><b>Sin Senos no hay Para\u00edso<\/b><\/i><b>\u00a0es con la que m\u00e1s se le identifica<\/b>.<\/p>\n<p class=\"paragraph\">En dicha producci\u00f3n interpret\u00f3 a Catalina Santana, una joven de un barrio de Colombia, que\u00a0<b>desea operarse los senos para poder triunfar en la vida<\/b>. Este personaje le sirvi\u00f3 a Villalobos para obtener m\u00e1s reconocimiento a nivel internacional, al ser una producci\u00f3n emitida fuera de su pa\u00eds de origen.<\/p>\n<p class=\"paragraph\">Despu\u00e9s de interpretar a Catalina, obtuvo otro protag\u00f3nico en el a\u00f1o 2010 para la misma cadena, en la telenovela\u00a0<i><b>Ni\u00f1os ricos, pobres padres<\/b><\/i>. En ese mismo a\u00f1o form\u00f3 parte del elenco principal de\u00a0<i>Ojo por ojo<\/i>.<\/p>\n<p class=\"paragraph\">En el 2011 sale junto a Jencarlos Canela la telenovela\u00a0<i>Mi coraz\u00f3n insiste en Lola Volc\u00e1n<\/i>, adaptaci\u00f3n de la colombiana,\u00a0<i>Yo amo a Paquita Gallego<\/i>. Esta fue la primera producci\u00f3n que Villalobos protagoniz\u00f3 en Estados Unidos y la primera producci\u00f3n en ganar en la categor\u00eda como\u00a0<b>Mejor telenovela del a\u00f1o<\/b>\u00a0en la primera edici\u00f3n de los Premios Tu Mundo de 2012.<\/p>\n<p class=\"paragraph\">En 2013 se integr\u00f3 al elenco de\u00a0<i><b>El Se\u00f1or de los Cielos<\/b><\/i>, serie televisiva en la cual estuvo durante tres temporadas y por la cual recibi\u00f3\u00a0<b>tres nominaciones en los Premios Tu Mundo<\/b>. Tras finalizar su participaci\u00f3n, Villalobos fue invitada a participar en la primera temporada de\u00a0<i>Sin senos s\u00ed hay para\u00edso<\/i>, una secuela de la que protagoniz\u00f3 en 2008 y que est\u00e1 basada en la novela\u00a0<i>Sin tetas s\u00ed hay para\u00edso.<\/i><\/p>\n<p class=\"paragraph\">Durante la primera temporada interpret\u00f3 a Catalina Santana en algunos episodios apareciendo como flashbacks y cameos. No fue sino hasta el final de la temporada que Villalobos retom\u00f3 su personaje.<\/p>\n<p class=\"paragraph\">A partir de la segunda temporada asume el rol protag\u00f3nico de la historia por al menos dos temporadas m\u00e1s, de las cuales la \u00faltima se convirti\u00f3 en un Spin-off, titulado\u00a0<i>El final del para\u00edso<\/i>. Durante este proyecto,\u00a0<b>se mostr\u00f3 m\u00e1s a fondo que sucedi\u00f3 con Catalina, luego del final de S<\/b><i><b>in senos no hay para\u00edso.<\/b><\/i><\/p>\n<p class=\"paragraph\">En mayo del 2011, comenz\u00f3 a grabar la telenovela\u00a0<i>Mi coraz\u00f3n insiste<\/i>\u00a0donde alcanza el papel protag\u00f3nico junto a Jencarlos Canela, actuando adem\u00e1s junto a estrellas como Angelica Mar\u00eda, Ana Layevska, Augusto Di Paolo, entre otros.<\/p>\n<p class=\"paragraph\">En cuanto a su vida personal, la artista\u00a0<b>se cas\u00f3 el 18 de octubre de 2019 con el actor Sebasti\u00e1n Caicedo<\/b>, a quien conoci\u00f3 durante las grabaciones de\u00a0<i>Ni\u00f1os ricos, pobres padres<\/i>. Hasta el momento, los dos han dicho que no se sienten preparados para ser padres.<\/p>\n<p class=\"paragraph\">La formaci\u00f3n actoral de Carmen Villalobos\u00a0<b>fue reforzada en la Fundaci\u00f3n teatral Julio C\u00e9sar Luna<\/b>, destac\u00e1ndose en obras como\u00a0<i>Taxi 2<\/i>,\u00a0<i>Nos vamos o nos venimos<\/i>\u00a0y\u00a0<i>Todos Podemos Cantar<\/i>.<\/p>\n<\/div>\n<\/div>\n","protected":false},"excerpt":{"rendered":"<p>La tambi\u00e9n modelo se encuentra vacacionando y no ha perdido la oportunidad de compartir fotos&#8230;<\/p>\n","protected":false},"author":1,"featured_media":9636,"comment_status":"open","ping_status":"closed","sticky":false,"template":"","format":"standard","meta":{"footnotes":""},"categories":[2,37],"tags":[],"class_list":["post-9634","post","type-post","status-publish","format-standard","has-post-thumbnail","hentry","category-local","category-quintana-roo"],"_links":{"self":[{"href":"https:\/\/xn--huracnpolmicocancnquintanaroo-knc6wmu.com\/index.php?rest_route=\/wp\/v2\/posts\/9634","targetHints":{"allow":["GET"]}}],"collection":[{"href":"https:\/\/xn--huracnpolmicocancnquintanaroo-knc6wmu.com\/index.php?rest_route=\/wp\/v2\/posts"}],"about":[{"href":"https:\/\/xn--huracnpolmicocancnquintanaroo-knc6wmu.com\/index.php?rest_route=\/wp\/v2\/types\/post"}],"author":[{"embeddable":true,"href":"https:\/\/xn--huracnpolmicocancnquintanaroo-knc6wmu.com\/index.php?rest_route=\/wp\/v2\/users\/1"}],"replies":[{"embeddable":true,"href":"https:\/\/xn--huracnpolmicocancnquintanaroo-knc6wmu.com\/index.php?rest_route=%2Fwp%2Fv2%2Fcomments&post=9634"}],"version-history":[{"count":1,"href":"https:\/\/xn--huracnpolmicocancnquintanaroo-knc6wmu.com\/index.php?rest_route=\/wp\/v2\/posts\/9634\/revisions"}],"predecessor-version":[{"id":9635,"href":"https:\/\/xn--huracnpolmicocancnquintanaroo-knc6wmu.com\/index.php?rest_route=\/wp\/v2\/posts\/9634\/revisions\/9635"}],"wp:featuredmedia":[{"embeddable":true,"href":"https:\/\/xn--huracnpolmicocancnquintanaroo-knc6wmu.com\/index.php?rest_route=\/wp\/v2\/media\/9636"}],"wp:attachment":[{"href":"https:\/\/xn--huracnpolmicocancnquintanaroo-knc6wmu.com\/index.php?rest_route=%2Fwp%2Fv2%2Fmedia&parent=9634"}],"wp:term":[{"taxonomy":"category","embeddable":true,"href":"https:\/\/xn--huracnpolmicocancnquintanaroo-knc6wmu.com\/index.php?rest_route=%2Fwp%2Fv2%2Fcategories&post=9634"},{"taxonomy":"post_tag","embeddable":true,"href":"https:\/\/xn--huracnpolmicocancnquintanaroo-knc6wmu.com\/index.php?rest_route=%2Fwp%2Fv2%2Ftags&post=9634"}],"curies":[{"name":"wp","href":"https:\/\/api.w.org\/{rel}","templated":true}]}}