{"id":9676,"date":"2022-10-31T16:00:22","date_gmt":"2022-10-31T21:00:22","guid":{"rendered":"https:\/\/xn--huracnpolmicocancnquintanaroo-knc6wmu.com\/?p=9676"},"modified":"2022-10-31T21:00:32","modified_gmt":"2022-10-31T21:00:32","slug":"el-presidente-de-mexico-proyecta-cinco-nuevos-parques-solares-en-el-norte","status":"publish","type":"post","link":"https:\/\/xn--huracnpolmicocancnquintanaroo-knc6wmu.com\/?p=9676","title":{"rendered":"El presidente de M\u00e9xico proyecta cinco nuevos parques solares en el norte"},"content":{"rendered":"<p>El presidente mexicano, Andr\u00e9s Manuel L\u00f3pez Obrador, anunci\u00f3 este lunes que buscar\u00e1 desarrollar cinco plantas solares en la frontera norte del pa\u00eds como parte del Plan Sonora, que presentar\u00e1 M\u00e9xico junto a Estados Unidos en la pr\u00f3xima Conferencia de las Naciones Unidas sobre el Cambio Clim\u00e1tico (COP27) en Egipto.<\/p>\n<p>Cuestionado por la visita que hizo el viernes pasado el enviado especial de Estados Unidos para el clima, John Kerry, el mandatario detall\u00f3 en su conferencia matutina que plantea replicar la planta solar que se construye en Puerto Pe\u00f1asco, en el norte\u00f1o estado de Sonora, que presume como la m\u00e1s grande de Latinoam\u00e9rica en su tipo.<\/p>\n<p>&#8220;Es un plan de fomento a energ\u00edas renovables, en lo general estamos hablando de generar m\u00e1s energ\u00eda e\u00f3lica, solar e impulsar tambi\u00e9n la modernizaci\u00f3n de las hidroel\u00e9ctricas. Este plan general va a significar que se use menos el combustible f\u00f3sil\u201d, agreg\u00f3.<\/p>\n<p>L\u00f3pez Obrador se\u00f1al\u00f3 que a\u00fan se definen las locaciones de futuras plantas solares, pero resalt\u00f3 que tienen que estar cerca de los parques industriales del fronterizo estado mexicano de Sonora.<\/p>\n<p>El modelo de planta solar de Puerto Pe\u00f1asco, que se anunci\u00f3 en el primer trimestre de 2022, estima una capacidad de generaci\u00f3n de hasta 457 megavatios e inversiones por m\u00e1s de 1.658 millones de d\u00f3lares.<\/p>\n<p>RECONVERSI\u00d3N DE LA INDUSTRIA AUTOMOTRIZ EN M\u00c9XICO<\/p>\n<p>El presidente de M\u00e9xico tambi\u00e9n detall\u00f3 que en la visita de Kerry, quien estuvo por quinta vez en el pa\u00eds desde que ocupa su actual puesto, se plante\u00f3 \u201creconvertir la industria automotriz en M\u00e9xico\u201d debido al plan de Estados Unidos de incrementar el uso de veh\u00edculos el\u00e9ctricos y de cero emisiones.<\/p>\n<p>\u201cPorque el planteamiento que tiene en Estados Unidos es que ya no van a permitir veh\u00edculos que se muevan con energ\u00edas no renovables o f\u00f3siles. Est\u00e1n dando toda la preferencia a los veh\u00edculos el\u00e9ctricos\u201d, expres\u00f3.<\/p>\n<div class=\"si-grid\">\n<article class=\"si-teaser si-teaser--focus beat--science\" data-beat=\"climate change\" data-group=\"44708062\">\n<h2 class=\"show-for-sr\">Mostrar m\u00e1s<\/h2>\n<p>Dijo que este modelo tambi\u00e9n se buscar\u00e1 replicar en otros estados del norte del pa\u00eds y a\u00f1adi\u00f3 que el litio y la explotaci\u00f3n de otros minerales, como el cobre, ser\u00e1n esenciales para beneficiar a la industria y la producci\u00f3n de semiconductores y bater\u00edas el\u00e9ctricas.<\/p>\n<p>L\u00f3pez Obrador tambi\u00e9n confi\u00f3 en que este Plan Sonora pueda ser concretado formalmente con la firma del presidente estadounidense, Joe Biden, cuando tengan su pr\u00f3xima reuni\u00f3n en M\u00e9xico, entre finales de diciembre pr\u00f3ximo e inicios de enero de 2023<\/p>\n<\/article>\n<\/div>\n","protected":false},"excerpt":{"rendered":"<p>El presidente mexicano, Andr\u00e9s Manuel L\u00f3pez Obrador, anunci\u00f3 este lunes que buscar\u00e1 desarrollar cinco plantas&#8230;<\/p>\n","protected":false},"author":1,"featured_media":9678,"comment_status":"open","ping_status":"closed","sticky":false,"template":"","format":"standard","meta":{"footnotes":""},"categories":[12,18],"tags":[],"class_list":["post-9676","post","type-post","status-publish","format-standard","has-post-thumbnail","hentry","category-nacional","category-tecnologia"],"_links":{"self":[{"href":"https:\/\/xn--huracnpolmicocancnquintanaroo-knc6wmu.com\/index.php?rest_route=\/wp\/v2\/posts\/9676","targetHints":{"allow":["GET"]}}],"collection":[{"href":"https:\/\/xn--huracnpolmicocancnquintanaroo-knc6wmu.com\/index.php?rest_route=\/wp\/v2\/posts"}],"about":[{"href":"https:\/\/xn--huracnpolmicocancnquintanaroo-knc6wmu.com\/index.php?rest_route=\/wp\/v2\/types\/post"}],"author":[{"embeddable":true,"href":"https:\/\/xn--huracnpolmicocancnquintanaroo-knc6wmu.com\/index.php?rest_route=\/wp\/v2\/users\/1"}],"replies":[{"embeddable":true,"href":"https:\/\/xn--huracnpolmicocancnquintanaroo-knc6wmu.com\/index.php?rest_route=%2Fwp%2Fv2%2Fcomments&post=9676"}],"version-history":[{"count":1,"href":"https:\/\/xn--huracnpolmicocancnquintanaroo-knc6wmu.com\/index.php?rest_route=\/wp\/v2\/posts\/9676\/revisions"}],"predecessor-version":[{"id":9677,"href":"https:\/\/xn--huracnpolmicocancnquintanaroo-knc6wmu.com\/index.php?rest_route=\/wp\/v2\/posts\/9676\/revisions\/9677"}],"wp:featuredmedia":[{"embeddable":true,"href":"https:\/\/xn--huracnpolmicocancnquintanaroo-knc6wmu.com\/index.php?rest_route=\/wp\/v2\/media\/9678"}],"wp:attachment":[{"href":"https:\/\/xn--huracnpolmicocancnquintanaroo-knc6wmu.com\/index.php?rest_route=%2Fwp%2Fv2%2Fmedia&parent=9676"}],"wp:term":[{"taxonomy":"category","embeddable":true,"href":"https:\/\/xn--huracnpolmicocancnquintanaroo-knc6wmu.com\/index.php?rest_route=%2Fwp%2Fv2%2Fcategories&post=9676"},{"taxonomy":"post_tag","embeddable":true,"href":"https:\/\/xn--huracnpolmicocancnquintanaroo-knc6wmu.com\/index.php?rest_route=%2Fwp%2Fv2%2Ftags&post=9676"}],"curies":[{"name":"wp","href":"https:\/\/api.w.org\/{rel}","templated":true}]}}