{"id":9742,"date":"2022-11-03T16:26:28","date_gmt":"2022-11-03T21:26:28","guid":{"rendered":"https:\/\/xn--huracnpolmicocancnquintanaroo-knc6wmu.com\/?p=9742"},"modified":"2022-11-03T21:26:30","modified_gmt":"2022-11-03T21:26:30","slug":"proyecto-distrito-cancun-va-por-el-rescate-de-monumentos","status":"publish","type":"post","link":"https:\/\/xn--huracnpolmicocancnquintanaroo-knc6wmu.com\/?p=9742","title":{"rendered":"Proyecto Distrito Canc\u00fan va por el rescate de monumentos"},"content":{"rendered":"<div>\n<div class=\"row m-b-15\">\n<div class=\"col-xs-12 col-sm-12 col-md-12 col-lg-12\">\n<h4 class=\"introduction\" style=\"text-align: center;\">El objetivo es impulsar el patrimonio art\u00edstico del destino tur\u00edstico y atraer a m\u00e1s visitantes a la zona centro de la ciudad.<\/h4>\n<\/div>\n<\/div>\n<\/div>\n<div class=\"row m-b-25\">\n<div class=\"col-xs-12 col-sm-12 col-md-12 col-lg-12 info-extra-new\">\n<p>A trav\u00e9s del proyecto\u00a0<strong>Distrito Canc\u00fan y Ruta Nader<\/strong>, las autoridades preparan un plan para impulsar monumentos de la ciudad, que son la identidad cultural, que pocas veces son dados a conocer.<\/p>\n<p>Carlos Armando del Castillo, representante de la Ruta Nader, inform\u00f3 que trabajan con las autoridades para impulsar estas actividades, que adem\u00e1s\u00a0<strong>ayudan a sumar m\u00e1s visitantes al centro de Canc\u00fan<\/strong>, que es lo que se requiere para promover la actividad econ\u00f3mica de la zona.<\/p>\n<p><cite><em>\u201cQueremos una reactivaci\u00f3n de los espacios p\u00fablicos que generen una derrama, pero tambi\u00e9n que sea cultural, por eso pensamos en el patrimonio hist\u00f3rico, que es lo que nos representa como cancunenses, y no solo de los sitios emblem\u00e1ticos, sino de los monumentos\u201d<\/em><\/cite>, agreg\u00f3.<\/p>\n<p>Para ello, dijo, se alista una campa\u00f1a de difusi\u00f3n de los elementos art\u00edsticos, urbanos y arquitect\u00f3nicos que les dan identidad a la zona fundacional y que forman parte del patrimonio de la ciudad, pues\u00a0<strong>muchos de los que viven aqu\u00ed no los conocen o solo los ven, pero no le dan el valor<\/strong>\u00a0ciudadano.<\/p>\n<p><cite><em>\u201cVamos primero a impulsar el amor por estos (monumentos) en la ciudadan\u00eda, tambi\u00e9n reunir a los actores que tienen que ver con el patrimonio y tener un presupuesto para aquellos en los que sean necesario recuperar o intervenir\u201d<\/em><\/cite>, agreg\u00f3.<\/p>\n<p>Record\u00f3 que desde hace algunos a\u00f1os se tiene un cat\u00e1logo del patrimonio art\u00edstico, y ahora lo importante es difundir y recuperarlos con agendas e incluso carteleras.<\/p>\n<p><strong>Canc\u00fan cumpli\u00f3 52 a\u00f1os como ciudad, por lo que es importante comenzar a dar vida a estos monumentos<\/strong>\u00a0que deben ser cuidados, para ello se trabaja en un proyecto de la mano con las autoridades y la ciudadan\u00eda.<\/p>\n<blockquote><p><cite><em>\u201cTenemos ya el proyecto de Distrito Canc\u00fan, con el que se busca este rescate de las zonas fundacionales, y que vamos a seguir impulsando con diversos eventos que atraigan a la gente\u201d<\/em><\/cite>, explic\u00f3. Adelant\u00f3 que pronto iniciar\u00e1n trabajos en la\u00a0<strong>Supermanzana 22<\/strong>, en el\u00a0<strong>Parque Las Palapas<\/strong>\u00a0y se realizar\u00e1n\u00a0<strong>eventos en la avenida Nader<\/strong>.<\/p><\/blockquote>\n<\/div>\n<\/div>\n","protected":false},"excerpt":{"rendered":"<p>El objetivo es impulsar el patrimonio art\u00edstico del destino tur\u00edstico y atraer a m\u00e1s visitantes&#8230;<\/p>\n","protected":false},"author":1,"featured_media":9744,"comment_status":"open","ping_status":"closed","sticky":false,"template":"","format":"standard","meta":{"footnotes":""},"categories":[2,37],"tags":[],"class_list":["post-9742","post","type-post","status-publish","format-standard","has-post-thumbnail","hentry","category-local","category-quintana-roo"],"_links":{"self":[{"href":"https:\/\/xn--huracnpolmicocancnquintanaroo-knc6wmu.com\/index.php?rest_route=\/wp\/v2\/posts\/9742","targetHints":{"allow":["GET"]}}],"collection":[{"href":"https:\/\/xn--huracnpolmicocancnquintanaroo-knc6wmu.com\/index.php?rest_route=\/wp\/v2\/posts"}],"about":[{"href":"https:\/\/xn--huracnpolmicocancnquintanaroo-knc6wmu.com\/index.php?rest_route=\/wp\/v2\/types\/post"}],"author":[{"embeddable":true,"href":"https:\/\/xn--huracnpolmicocancnquintanaroo-knc6wmu.com\/index.php?rest_route=\/wp\/v2\/users\/1"}],"replies":[{"embeddable":true,"href":"https:\/\/xn--huracnpolmicocancnquintanaroo-knc6wmu.com\/index.php?rest_route=%2Fwp%2Fv2%2Fcomments&post=9742"}],"version-history":[{"count":1,"href":"https:\/\/xn--huracnpolmicocancnquintanaroo-knc6wmu.com\/index.php?rest_route=\/wp\/v2\/posts\/9742\/revisions"}],"predecessor-version":[{"id":9743,"href":"https:\/\/xn--huracnpolmicocancnquintanaroo-knc6wmu.com\/index.php?rest_route=\/wp\/v2\/posts\/9742\/revisions\/9743"}],"wp:featuredmedia":[{"embeddable":true,"href":"https:\/\/xn--huracnpolmicocancnquintanaroo-knc6wmu.com\/index.php?rest_route=\/wp\/v2\/media\/9744"}],"wp:attachment":[{"href":"https:\/\/xn--huracnpolmicocancnquintanaroo-knc6wmu.com\/index.php?rest_route=%2Fwp%2Fv2%2Fmedia&parent=9742"}],"wp:term":[{"taxonomy":"category","embeddable":true,"href":"https:\/\/xn--huracnpolmicocancnquintanaroo-knc6wmu.com\/index.php?rest_route=%2Fwp%2Fv2%2Fcategories&post=9742"},{"taxonomy":"post_tag","embeddable":true,"href":"https:\/\/xn--huracnpolmicocancnquintanaroo-knc6wmu.com\/index.php?rest_route=%2Fwp%2Fv2%2Ftags&post=9742"}],"curies":[{"name":"wp","href":"https:\/\/api.w.org\/{rel}","templated":true}]}}