{"id":9925,"date":"2022-11-14T15:36:36","date_gmt":"2022-11-14T20:36:36","guid":{"rendered":"https:\/\/xn--huracnpolmicocancnquintanaroo-knc6wmu.com\/?p=9925"},"modified":"2022-11-14T20:36:47","modified_gmt":"2022-11-14T20:36:47","slug":"mexico-duplicara-su-capacidad-de-generacion-limpia-proyecta-la-sre","status":"publish","type":"post","link":"https:\/\/xn--huracnpolmicocancnquintanaroo-knc6wmu.com\/?p=9925","title":{"rendered":"M\u00e9xico duplicar\u00e1 su capacidad de generaci\u00f3n limpia, proyecta la SRE"},"content":{"rendered":"<div class=\"jsx-1778878049 \">\n<h4 style=\"text-align: center;\">El canciller Marcelo Ebrard anunci\u00f3 una inversi\u00f3n adicional de 48,000 millones de d\u00f3lares para iniciativas conjuntas con Estados Unidos para la producci\u00f3n de energ\u00eda renovable.<\/h4>\n<\/div>\n<div class=\"jsx-1921398030 newsbody\">\n<div class=\"jsx-670345696 share fixed\">\n<div class=\"jsx-670345696 \"><\/div>\n<\/div>\n<div class=\"jsx-1921398030\">\n<div>\n<div>\n<p class=\"jsx-3954459878\">El secretario de Relaciones Exteriores, Marcelo Ebrard, comprometi\u00f3 \u201cduplicar la capacidad de generaci\u00f3n de energ\u00eda limpia en M\u00e9xico\u201d, con una inversi\u00f3n adicional de 48,000 millones de d\u00f3lares para un proyecto conjunto con Estados Unidos de generaci\u00f3n de energ\u00eda renovable.<\/p>\n<p class=\"jsx-3954459878 fi-aic_250\">Esto, como parte de las acciones voluntarias que a las que se comprometer\u00e1 el pa\u00eds en contribuciones nacionalmente determinadas (NDC, por su sigla en ingl\u00e9s) para mitigar el cambio clim\u00e1tico en la Conferencia de las Naciones Unidas (COP27) que se lleva a cabo en Egipto, adem\u00e1s de la cumbre entre los socios del T-MEC, que incluye a Canad\u00e1, con el fin de aumentar la meta de 22% a 35% en la reducci\u00f3n de gases de efecto invernadero al 2030.<\/p>\n<blockquote class=\"jsx-2464929417\">\n<p class=\"jsx-3954459878\">El presidente L\u00f3pez Obrador ha decidido ampliar los objetivos nacionales de 22% al 35% de reducci\u00f3n de emisi\u00f3n de gases de efecto invernadero, para acelerar la transici\u00f3n energ\u00e9tica en Am\u00e9rica del Norte&#8221;, explic\u00f3 Ebrard, acompa\u00f1ado del enviado especial para el clima de Estados Unidos, John Kerry, en conferencia de prensa.<\/p>\n<\/blockquote>\n<p class=\"jsx-3954459878\">\u201cEso significa duplicar esfuerzos en los pr\u00f3ximos ocho a\u00f1os, comparado con los planes originales para esta d\u00e9cada\u201d, seg\u00fan el canciller.<\/p>\n<p class=\"jsx-3954459878\">As\u00ed, con el apoyo de Estados Unidos se calcula que se requerir\u00e1 una inversi\u00f3n adicional entre 2022 y 2030 de aproximadamente 48,000 millones de d\u00f3lares, que ser\u00e1 movilizado desde el sector p\u00fablico y privado de ambas naciones, explic\u00f3 el canciller mexicano.<\/p>\n<p class=\"jsx-3954459878\">Los funcionarios mexicano y estadounidense no precisaron un monto del apoyo financiero estadounidense para esta tarea, que implicar\u00e1 &#8220;duplicar la capacidad de generaci\u00f3n de energ\u00eda limpia en M\u00e9xico&#8221;, asegur\u00f3 Ebrard.<\/p>\n<p class=\"jsx-3954459878\">El anuncio, que implicar\u00e1 un gran proyecto de energ\u00edas renovables denominado Sonora en la frontera entre M\u00e9xico y Estados Unidos, &#8220;ser\u00e1 uno de los temas m\u00e1s importantes de la pr\u00f3xima cumbre&#8221; de los tres socios, el pr\u00f3ximo mes, a\u00f1adi\u00f3 Ebrard.<\/p>\n<p class=\"jsx-3954459878 fi-aic_250\">&#8220;Esto es una visi\u00f3n, no solo un anuncio&#8221;, a\u00f1adi\u00f3 Kerry.<\/p>\n<p class=\"jsx-3954459878\">Previamente, el secretario de Relaciones Exteriores, Marcelo Ebrard, asegur\u00f3 que M\u00e9xico debe aumentar la producci\u00f3n de energ\u00eda limpia m\u00e1s r\u00e1pido que Estados Unidos para garantizar que cumple con la demanda de bienes fabricados con insumos m\u00e1s amigables con el medio ambiente, dijo el jueves pasado el canciller Marcelo Ebrard.<\/p>\n<p class=\"jsx-3954459878\">Durante un evento en San Luis Potos\u00ed, el funcionario agreg\u00f3 que el presidente Andr\u00e9s Manuel L\u00f3pez Obrador le pidi\u00f3 que asistiera a la cumbre clim\u00e1tica COP27 que se lleva a cabo del 6 al 18 de noviembre en Egipto.<\/p>\n<p class=\"jsx-3954459878\">En una visita de Kerry al estado de Sonora el mes pasado, el secretario de Relaciones Exteriores afirm\u00f3 que los pa\u00edses compart\u00edan una visi\u00f3n de aumentar la producci\u00f3n solar, geot\u00e9rmica, e\u00f3lica e hidroel\u00e9ctrica.<\/p>\n<p class=\"jsx-3954459878 fi-aic_250\">M\u00e9xico tambi\u00e9n present\u00f3 a Kerry su llamado Plan Sonora, un impulso para convertir el c\u00e1lido y \u00e1rido estado fronterizo en un centro de energ\u00eda verde con granjas solares y producci\u00f3n de litio.<\/p>\n<p class=\"jsx-3954459878\">En su comparecencia frente a los diputados la semana pasada, el director general de la Comisi\u00f3n Federal de Electricidad (CFE), Manuel Bartlett, dijo que se est\u00e1n modernizando 13 centrales hidroel\u00e9ctricas y equipando otras tres presas agr\u00edcolas para transformarlas en hidroel\u00e9ctricas. Tambi\u00e9n est\u00e1 en construcci\u00f3n la Central Fotovoltaica Puerto Pe\u00f1asco de 1,000 megawatts, en Sonora, que al d\u00eda de hoy registra la instalaci\u00f3n de m\u00e1s de 16,000 paneles solares, y a la par, se desarrolla la Central Geot\u00e9rmica H\u00fameros III de 25 megawatts, ubicado en el estado de Puebla.<\/p>\n<p class=\"jsx-3954459878\">\u201cEstos proyectos, en su totalidad, suman aproximadamente 9,000 megawatts, y una inversi\u00f3n del orden de los 9,000 millones de d\u00f3lares, a trav\u00e9s de diversos mecanismos de financiamiento\u201d, asegur\u00f3.<\/p>\n<p class=\"jsx-3954459878\">Adem\u00e1s, para este a\u00f1o ya se han ejercido 78,000 millones de pesos, con lo que la CFE busca generar 54% de la electricidad requerida por el pa\u00eds, buscando asumir el la batuta de la transici\u00f3n hacia energ\u00eda renovable.<\/p>\n<\/div>\n<\/div>\n<div class=\"jsx-3150550767\"><\/div>\n<\/div>\n<\/div>\n","protected":false},"excerpt":{"rendered":"<p>El canciller Marcelo Ebrard anunci\u00f3 una inversi\u00f3n adicional de 48,000 millones de d\u00f3lares para iniciativas&#8230;<\/p>\n","protected":false},"author":1,"featured_media":9927,"comment_status":"open","ping_status":"closed","sticky":false,"template":"","format":"standard","meta":{"footnotes":""},"categories":[12,18],"tags":[],"class_list":["post-9925","post","type-post","status-publish","format-standard","has-post-thumbnail","hentry","category-nacional","category-tecnologia"],"_links":{"self":[{"href":"https:\/\/xn--huracnpolmicocancnquintanaroo-knc6wmu.com\/index.php?rest_route=\/wp\/v2\/posts\/9925","targetHints":{"allow":["GET"]}}],"collection":[{"href":"https:\/\/xn--huracnpolmicocancnquintanaroo-knc6wmu.com\/index.php?rest_route=\/wp\/v2\/posts"}],"about":[{"href":"https:\/\/xn--huracnpolmicocancnquintanaroo-knc6wmu.com\/index.php?rest_route=\/wp\/v2\/types\/post"}],"author":[{"embeddable":true,"href":"https:\/\/xn--huracnpolmicocancnquintanaroo-knc6wmu.com\/index.php?rest_route=\/wp\/v2\/users\/1"}],"replies":[{"embeddable":true,"href":"https:\/\/xn--huracnpolmicocancnquintanaroo-knc6wmu.com\/index.php?rest_route=%2Fwp%2Fv2%2Fcomments&post=9925"}],"version-history":[{"count":1,"href":"https:\/\/xn--huracnpolmicocancnquintanaroo-knc6wmu.com\/index.php?rest_route=\/wp\/v2\/posts\/9925\/revisions"}],"predecessor-version":[{"id":9926,"href":"https:\/\/xn--huracnpolmicocancnquintanaroo-knc6wmu.com\/index.php?rest_route=\/wp\/v2\/posts\/9925\/revisions\/9926"}],"wp:featuredmedia":[{"embeddable":true,"href":"https:\/\/xn--huracnpolmicocancnquintanaroo-knc6wmu.com\/index.php?rest_route=\/wp\/v2\/media\/9927"}],"wp:attachment":[{"href":"https:\/\/xn--huracnpolmicocancnquintanaroo-knc6wmu.com\/index.php?rest_route=%2Fwp%2Fv2%2Fmedia&parent=9925"}],"wp:term":[{"taxonomy":"category","embeddable":true,"href":"https:\/\/xn--huracnpolmicocancnquintanaroo-knc6wmu.com\/index.php?rest_route=%2Fwp%2Fv2%2Fcategories&post=9925"},{"taxonomy":"post_tag","embeddable":true,"href":"https:\/\/xn--huracnpolmicocancnquintanaroo-knc6wmu.com\/index.php?rest_route=%2Fwp%2Fv2%2Ftags&post=9925"}],"curies":[{"name":"wp","href":"https:\/\/api.w.org\/{rel}","templated":true}]}}