{"id":9937,"date":"2022-11-14T16:12:05","date_gmt":"2022-11-14T21:12:05","guid":{"rendered":"https:\/\/xn--huracnpolmicocancnquintanaroo-knc6wmu.com\/?p=9937"},"modified":"2022-11-14T21:12:09","modified_gmt":"2022-11-14T21:12:09","slug":"cancun-amlo-lleva-a-militares-a-desembarcar-como-hoteleros","status":"publish","type":"post","link":"https:\/\/xn--huracnpolmicocancnquintanaroo-knc6wmu.com\/?p=9937","title":{"rendered":"Canc\u00fan: AMLO lleva a militares a desembarcar como hoteleros"},"content":{"rendered":"<p>El presidente de M\u00e9xico, Andr\u00e9s Manuel L\u00f3pez Obrador (AMLO), anunci\u00f3 que en la ruta del Tren Maya ser\u00e1n construidos seis hoteles, uno de ellos muy cerca de la zona arqueol\u00f3gica Uxmal, y confirm\u00f3 que todos ser\u00e1n operados por la Secretar\u00eda de la Defensa Nacional (Sedena), publica Noticaribe, de modo que lleva a los militares a desembarcar como hoteleros tambi\u00e9n en el Caribe.<\/p>\n<p>L\u00f3pez Obrador mencion\u00f3 que ya cuentan con cuatro terrenos, pero falta por confirmar dos m\u00e1s. De esta manera crece el poder de los militares en el desarrollo de la infraestructura del pa\u00eds. Adem\u00e1s de hoteles gestionar\u00e1n la aerol\u00ednea p\u00fablica y tambi\u00e9n los nuevos aeropuertos que impulsa el l\u00edder de Morena, que sigue as\u00ed los pasos del modelo cubano en el que los militares son propietarios de los hoteles, en su caso a trav\u00e9s del holding Gaesa.<\/p>\n<p>El presidente del Consejo Nacional Empresarial Tur\u00edstico (CNET), Braulio Arsuaga, considera que en este momento no es necesario crear una nueva l\u00ednea a\u00e9rea, entre otras cosas porque la crisis sanitaria ocasion\u00f3 que M\u00e9xico perdiera cerca del 25% de su flota.<\/p>\n<p>\u201cNo creo que sea la soluci\u00f3n, creo que est\u00e1 m\u00e1s bien por el lado de la iniciativa privada y no de tener una aerol\u00ednea manejada por el Ej\u00e9rcito. No es buena idea y tengo mis dudas de que eso se pueda llegar a dar\u201d, afirm\u00f3 (Nueva aerol\u00ednea de AMLO: la marca \u2018Mexica\u2019 es una opci\u00f3n).<\/p>\n","protected":false},"excerpt":{"rendered":"<p>El presidente de M\u00e9xico, Andr\u00e9s Manuel L\u00f3pez Obrador (AMLO), anunci\u00f3 que en la ruta del&#8230;<\/p>\n","protected":false},"author":1,"featured_media":9939,"comment_status":"open","ping_status":"closed","sticky":false,"template":"","format":"standard","meta":{"footnotes":""},"categories":[2,37],"tags":[],"class_list":["post-9937","post","type-post","status-publish","format-standard","has-post-thumbnail","hentry","category-local","category-quintana-roo"],"_links":{"self":[{"href":"https:\/\/xn--huracnpolmicocancnquintanaroo-knc6wmu.com\/index.php?rest_route=\/wp\/v2\/posts\/9937","targetHints":{"allow":["GET"]}}],"collection":[{"href":"https:\/\/xn--huracnpolmicocancnquintanaroo-knc6wmu.com\/index.php?rest_route=\/wp\/v2\/posts"}],"about":[{"href":"https:\/\/xn--huracnpolmicocancnquintanaroo-knc6wmu.com\/index.php?rest_route=\/wp\/v2\/types\/post"}],"author":[{"embeddable":true,"href":"https:\/\/xn--huracnpolmicocancnquintanaroo-knc6wmu.com\/index.php?rest_route=\/wp\/v2\/users\/1"}],"replies":[{"embeddable":true,"href":"https:\/\/xn--huracnpolmicocancnquintanaroo-knc6wmu.com\/index.php?rest_route=%2Fwp%2Fv2%2Fcomments&post=9937"}],"version-history":[{"count":1,"href":"https:\/\/xn--huracnpolmicocancnquintanaroo-knc6wmu.com\/index.php?rest_route=\/wp\/v2\/posts\/9937\/revisions"}],"predecessor-version":[{"id":9938,"href":"https:\/\/xn--huracnpolmicocancnquintanaroo-knc6wmu.com\/index.php?rest_route=\/wp\/v2\/posts\/9937\/revisions\/9938"}],"wp:featuredmedia":[{"embeddable":true,"href":"https:\/\/xn--huracnpolmicocancnquintanaroo-knc6wmu.com\/index.php?rest_route=\/wp\/v2\/media\/9939"}],"wp:attachment":[{"href":"https:\/\/xn--huracnpolmicocancnquintanaroo-knc6wmu.com\/index.php?rest_route=%2Fwp%2Fv2%2Fmedia&parent=9937"}],"wp:term":[{"taxonomy":"category","embeddable":true,"href":"https:\/\/xn--huracnpolmicocancnquintanaroo-knc6wmu.com\/index.php?rest_route=%2Fwp%2Fv2%2Fcategories&post=9937"},{"taxonomy":"post_tag","embeddable":true,"href":"https:\/\/xn--huracnpolmicocancnquintanaroo-knc6wmu.com\/index.php?rest_route=%2Fwp%2Fv2%2Ftags&post=9937"}],"curies":[{"name":"wp","href":"https:\/\/api.w.org\/{rel}","templated":true}]}}